{"id":160,"date":"2024-09-28T11:45:35","date_gmt":"2024-09-28T00:45:35","guid":{"rendered":"https:\/\/mam.nc\/?p=160"},"modified":"2024-12-04T07:26:49","modified_gmt":"2024-12-03T20:26:49","slug":"salon-des-seniors","status":"publish","type":"post","link":"https:\/\/mam.nc\/en\/salon-des-seniors\/","title":{"rendered":"Salon des S\u00e9niors"},"content":{"rendered":"<h2 class=\"wp-block-heading\"><strong>MAM au Salon des s\u00e9niors, un rendez-vous incontournable pour bien vieillir en Nouvelle-Cal\u00e9donie<\/strong><\/h2>\n\n\n\n<p>Les\u00a026 et 27 avril 2024, la troisi\u00e8me \u00e9dition du\u00a0Salon des Seniors, \u00e9v\u00e9nement phare en Nouvelle-Cal\u00e9donie d\u00e9di\u00e9 au bien vieillir, a rassembl\u00e9 un grand nombre de participants. Cet \u00e9v\u00e9nement a mis en lumi\u00e8re les d\u00e9fis et opportunit\u00e9s li\u00e9s au vieillissement, avec une attention particuli\u00e8re port\u00e9e aux innovations technologiques au service des a\u00een\u00e9s.<\/p>\n\n\n\n<p>Parmi les exposants,&nbsp;<a href=\"https:\/\/mam.nc\/en\/\"><strong>MAM Assistance Connect\u00e9e<\/strong><\/a> qui a pr\u00e9sent\u00e9 ses solutions connect\u00e9es con\u00e7ues pour r\u00e9pondre aux besoins croissants d\u2019une population \u00e2g\u00e9e en constante augmentation, repr\u00e9sentant pr\u00e8s de&nbsp;15 % de la population cal\u00e9donienne.<\/p>\n\n\n\n<h2 class=\"wp-block-heading\"><strong>MAM Safe Connect : l\u2019innovation au service de la s\u00e9r\u00e9nit\u00e9 des seniors<\/strong><\/h2>\n\n\n\n<p>Dans un contexte o\u00f9 le maintien \u00e0 domicile des personnes \u00e2g\u00e9es est une priorit\u00e9 pour de nombreuses familles,&nbsp;MAM s\u2019impose comme un partenaire cl\u00e9 avec son \u00ab&nbsp;<a href=\"https:\/\/mam.nc\/en\/mam-you-connect\/#ancrebloc-mam-safe-connect\"><em>M\u00e9daillon Connect\u00e9 MAM Safe Connect<\/em><\/a>&nbsp;\u00bb.<\/p>\n\n\n\n<p>Cette solution pratique et discr\u00e8te permet aux utilisateurs de d\u00e9clencher une alerte en cas de situation d\u2019urgence, comme une chute, un malaise ou encore un accident domestique.<\/p>\n\n\n\n<p>D\u2019un simple clic, les seniors peuvent alerter leurs proches ou un service d\u2019assistance, garantissant une intervention rapide et efficace. Cette solution respecte leur intimit\u00e9 tout en leur offrant une s\u00e9curit\u00e9 renforc\u00e9e au quotidien.<\/p>\n\n\n\n<h2 class=\"wp-block-heading\"><strong>Le Salon des Seniors : un lieu d\u2019\u00e9change et d\u2019innovation<\/strong><\/h2>\n\n\n\n<p>Au-del\u00e0 de la pr\u00e9sentation de ses produits, MAM a saisi l\u2019opportunit\u00e9 de cet \u00e9v\u00e9nement pour sensibiliser les familles aux nombreux avantages des technologies connect\u00e9es. L\u2019entreprise a ainsi d\u00e9montr\u00e9 l\u2019impact positif de solutions telles que le <em>M\u00e9daillon Connect\u00e9<\/em> sur l\u2019autonomie des a\u00een\u00e9s, tout en r\u00e9affirmant son engagement en faveur du bien-\u00eatre des seniors cal\u00e9doniens.<\/p>\n\n\n\n<p>En offrant des solutions \u00e0 la fois accessibles et innovantes, MAM va au-del\u00e0 de la simple r\u00e9ponse aux besoins techniques. Elle apporte une tranquillit\u00e9 d&rsquo;esprit aux familles, tout en permettant aux personnes \u00e2g\u00e9es de conserver leur autonomie dans un environnement familier. Gr\u00e2ce \u00e0 des dispositifs connect\u00e9s fiables et faciles \u00e0 utiliser, MAM contribue \u00e0 r\u00e9duire les d\u00e9lais d\u2019intervention en cas d\u2019urgence, \u00e0 rassurer les proches gr\u00e2ce \u00e0 des notifications en temps r\u00e9el, et \u00e0 soutenir les aidants familiaux dans leurs r\u00f4les souvent complexes.<\/p>\n\n\n\n<h2 class=\"wp-block-heading\"><strong>Direction l\u2019avenir avec des solutions connect\u00e9es<\/strong><\/h2>\n\n\n\n<p>La forte affluence et l\u2019int\u00e9r\u00eat suscit\u00e9 lors de cette troisi\u00e8me \u00e9dition du&nbsp;Salon des Seniors&nbsp;confirment l\u2019importance d\u2019un tel \u00e9v\u00e9nement dans le paysage cal\u00e9donien.&nbsp;MAM se positionne comme un partenaire de confiance pour accompagner les seniors dans cette transition num\u00e9rique, tout en r\u00e9pondant aux enjeux sociaux li\u00e9s au vieillissement de la population.<\/p>","protected":false},"excerpt":{"rendered":"<p>MAM au Salon des s\u00e9niors, un rendez-vous incontournable pour bien vieillir en Nouvelle-Cal\u00e9donie Les\u00a026 et 27 avril 2024, la troisi\u00e8me \u00e9dition du\u00a0Salon des Seniors, \u00e9v\u00e9nement phare en Nouvelle-Cal\u00e9donie d\u00e9di\u00e9 au bien vieillir, a rassembl\u00e9 un grand nombre de participants. Cet \u00e9v\u00e9nement a mis en lumi\u00e8re les d\u00e9fis et opportunit\u00e9s li\u00e9s au vieillissement, avec une attention [&hellip;]<\/p>\n","protected":false},"author":1,"featured_media":851,"comment_status":"closed","ping_status":"closed","sticky":false,"template":"","format":"standard","meta":{"_et_pb_use_builder":"","_et_pb_old_content":"","_et_gb_content_width":"","footnotes":""},"categories":[11,14],"tags":[],"class_list":["post-160","post","type-post","status-publish","format-standard","has-post-thumbnail","hentry","category-actualite","category-mam-you-connect","et-has-post-format-content","et_post_format-et-post-format-standard"],"yoast_head":"<!-- This site is optimized with the Yoast SEO plugin v27.5 - https:\/\/yoast.com\/product\/yoast-seo-wordpress\/ -->\n<title>Salon des S\u00e9niors - MAM<\/title>\n<meta name=\"robots\" content=\"index, follow, max-snippet:-1, max-image-preview:large, max-video-preview:-1\" \/>\n<link rel=\"canonical\" href=\"https:\/\/mam.nc\/en\/salon-des-seniors\/\" \/>\n<meta property=\"og:locale\" content=\"en_GB\" \/>\n<meta property=\"og:type\" content=\"article\" \/>\n<meta property=\"og:title\" content=\"Salon des S\u00e9niors - MAM\" \/>\n<meta property=\"og:description\" content=\"MAM au Salon des s\u00e9niors, un rendez-vous incontournable pour bien vieillir en Nouvelle-Cal\u00e9donie Les\u00a026 et 27 avril 2024, la troisi\u00e8me \u00e9dition du\u00a0Salon des Seniors, \u00e9v\u00e9nement phare en Nouvelle-Cal\u00e9donie d\u00e9di\u00e9 au bien vieillir, a rassembl\u00e9 un grand nombre de participants. Cet \u00e9v\u00e9nement a mis en lumi\u00e8re les d\u00e9fis et opportunit\u00e9s li\u00e9s au vieillissement, avec une attention [&hellip;]\" \/>\n<meta property=\"og:url\" content=\"https:\/\/mam.nc\/en\/salon-des-seniors\/\" \/>\n<meta property=\"og:site_name\" content=\"MAM\" \/>\n<meta property=\"article:publisher\" content=\"https:\/\/www.facebook.com\/MamAssistanceConnectee\/\" \/>\n<meta property=\"article:published_time\" content=\"2024-09-28T00:45:35+00:00\" \/>\n<meta property=\"article:modified_time\" content=\"2024-12-03T20:26:49+00:00\" \/>\n<meta property=\"og:image\" content=\"https:\/\/mam.nc\/wp-content\/uploads\/2024\/12\/Couverture-Salon-des-Seniors-2.0.jpg\" \/>\n\t<meta property=\"og:image:width\" content=\"1920\" \/>\n\t<meta property=\"og:image:height\" content=\"960\" \/>\n\t<meta property=\"og:image:type\" content=\"image\/jpeg\" \/>\n<meta name=\"author\" content=\"contact\" \/>\n<meta name=\"twitter:card\" content=\"summary_large_image\" \/>\n<meta name=\"twitter:label1\" content=\"Written by\" \/>\n\t<meta name=\"twitter:data1\" content=\"contact\" \/>\n\t<meta name=\"twitter:label2\" content=\"Estimated reading time\" \/>\n\t<meta name=\"twitter:data2\" content=\"3 minutes\" \/>\n<script type=\"application\/ld+json\" class=\"yoast-schema-graph\">{\"@context\":\"https:\\\/\\\/schema.org\",\"@graph\":[{\"@type\":\"Article\",\"@id\":\"https:\\\/\\\/mam.nc\\\/salon-des-seniors\\\/#article\",\"isPartOf\":{\"@id\":\"https:\\\/\\\/mam.nc\\\/salon-des-seniors\\\/\"},\"author\":{\"name\":\"contact\",\"@id\":\"https:\\\/\\\/mam.nc\\\/#\\\/schema\\\/person\\\/82a0c7c44e95783bbf9f3fc77d65718c\"},\"headline\":\"Salon des S\u00e9niors\",\"datePublished\":\"2024-09-28T00:45:35+00:00\",\"dateModified\":\"2024-12-03T20:26:49+00:00\",\"mainEntityOfPage\":{\"@id\":\"https:\\\/\\\/mam.nc\\\/salon-des-seniors\\\/\"},\"wordCount\":482,\"publisher\":{\"@id\":\"https:\\\/\\\/mam.nc\\\/#organization\"},\"image\":{\"@id\":\"https:\\\/\\\/mam.nc\\\/salon-des-seniors\\\/#primaryimage\"},\"thumbnailUrl\":\"https:\\\/\\\/mam.nc\\\/wp-content\\\/uploads\\\/2024\\\/12\\\/Couverture-Salon-des-Seniors-2.0.jpg\",\"articleSection\":[\"Actualit\u00e9\",\"MAM You Connect\"],\"inLanguage\":\"en-GB\"},{\"@type\":\"WebPage\",\"@id\":\"https:\\\/\\\/mam.nc\\\/salon-des-seniors\\\/\",\"url\":\"https:\\\/\\\/mam.nc\\\/salon-des-seniors\\\/\",\"name\":\"Salon des S\u00e9niors - MAM\",\"isPartOf\":{\"@id\":\"https:\\\/\\\/mam.nc\\\/#website\"},\"primaryImageOfPage\":{\"@id\":\"https:\\\/\\\/mam.nc\\\/salon-des-seniors\\\/#primaryimage\"},\"image\":{\"@id\":\"https:\\\/\\\/mam.nc\\\/salon-des-seniors\\\/#primaryimage\"},\"thumbnailUrl\":\"https:\\\/\\\/mam.nc\\\/wp-content\\\/uploads\\\/2024\\\/12\\\/Couverture-Salon-des-Seniors-2.0.jpg\",\"datePublished\":\"2024-09-28T00:45:35+00:00\",\"dateModified\":\"2024-12-03T20:26:49+00:00\",\"breadcrumb\":{\"@id\":\"https:\\\/\\\/mam.nc\\\/salon-des-seniors\\\/#breadcrumb\"},\"inLanguage\":\"en-GB\",\"potentialAction\":[{\"@type\":\"ReadAction\",\"target\":[\"https:\\\/\\\/mam.nc\\\/salon-des-seniors\\\/\"]}]},{\"@type\":\"ImageObject\",\"inLanguage\":\"en-GB\",\"@id\":\"https:\\\/\\\/mam.nc\\\/salon-des-seniors\\\/#primaryimage\",\"url\":\"https:\\\/\\\/mam.nc\\\/wp-content\\\/uploads\\\/2024\\\/12\\\/Couverture-Salon-des-Seniors-2.0.jpg\",\"contentUrl\":\"https:\\\/\\\/mam.nc\\\/wp-content\\\/uploads\\\/2024\\\/12\\\/Couverture-Salon-des-Seniors-2.0.jpg\",\"width\":1920,\"height\":960},{\"@type\":\"BreadcrumbList\",\"@id\":\"https:\\\/\\\/mam.nc\\\/salon-des-seniors\\\/#breadcrumb\",\"itemListElement\":[{\"@type\":\"ListItem\",\"position\":1,\"name\":\"Accueil\",\"item\":\"https:\\\/\\\/mam.nc\\\/\"},{\"@type\":\"ListItem\",\"position\":2,\"name\":\"Salon des S\u00e9niors\"}]},{\"@type\":\"WebSite\",\"@id\":\"https:\\\/\\\/mam.nc\\\/#website\",\"url\":\"https:\\\/\\\/mam.nc\\\/\",\"name\":\"MAM\",\"description\":\"Votre assistance connect\u00e9e pour gagner en s\u00e9r\u00e9nit\u00e9\",\"publisher\":{\"@id\":\"https:\\\/\\\/mam.nc\\\/#organization\"},\"potentialAction\":[{\"@type\":\"SearchAction\",\"target\":{\"@type\":\"EntryPoint\",\"urlTemplate\":\"https:\\\/\\\/mam.nc\\\/?s={search_term_string}\"},\"query-input\":{\"@type\":\"PropertyValueSpecification\",\"valueRequired\":true,\"valueName\":\"search_term_string\"}}],\"inLanguage\":\"en-GB\"},{\"@type\":\"Organization\",\"@id\":\"https:\\\/\\\/mam.nc\\\/#organization\",\"name\":\"MAM\",\"url\":\"https:\\\/\\\/mam.nc\\\/\",\"logo\":{\"@type\":\"ImageObject\",\"inLanguage\":\"en-GB\",\"@id\":\"https:\\\/\\\/mam.nc\\\/#\\\/schema\\\/logo\\\/image\\\/\",\"url\":\"https:\\\/\\\/mam.nc\\\/wp-content\\\/uploads\\\/2024\\\/09\\\/LOGO_MAM_V2-01-1.webp\",\"contentUrl\":\"https:\\\/\\\/mam.nc\\\/wp-content\\\/uploads\\\/2024\\\/09\\\/LOGO_MAM_V2-01-1.webp\",\"width\":442,\"height\":292,\"caption\":\"MAM\"},\"image\":{\"@id\":\"https:\\\/\\\/mam.nc\\\/#\\\/schema\\\/logo\\\/image\\\/\"},\"sameAs\":[\"https:\\\/\\\/www.facebook.com\\\/MamAssistanceConnectee\\\/\",\"https:\\\/\\\/www.linkedin.com\\\/company\\\/mam-l-assistance-connectee\\\/\"]},{\"@type\":\"Person\",\"@id\":\"https:\\\/\\\/mam.nc\\\/#\\\/schema\\\/person\\\/82a0c7c44e95783bbf9f3fc77d65718c\",\"name\":\"contact\",\"image\":{\"@type\":\"ImageObject\",\"inLanguage\":\"en-GB\",\"@id\":\"https:\\\/\\\/mam.nc\\\/wp-content\\\/litespeed\\\/avatar\\\/83ba4b7c9573cddc042f60eff167a7a9.jpg?ver=1776988605\",\"url\":\"https:\\\/\\\/mam.nc\\\/wp-content\\\/litespeed\\\/avatar\\\/83ba4b7c9573cddc042f60eff167a7a9.jpg?ver=1776988605\",\"contentUrl\":\"https:\\\/\\\/mam.nc\\\/wp-content\\\/litespeed\\\/avatar\\\/83ba4b7c9573cddc042f60eff167a7a9.jpg?ver=1776988605\",\"caption\":\"contact\"},\"sameAs\":[\"https:\\\/\\\/mam.nc\"]}]}<\/script>\n<!-- \/ Yoast SEO plugin. -->","yoast_head_json":{"title":"Salon des S\u00e9niors - MAM","robots":{"index":"index","follow":"follow","max-snippet":"max-snippet:-1","max-image-preview":"max-image-preview:large","max-video-preview":"max-video-preview:-1"},"canonical":"https:\/\/mam.nc\/en\/salon-des-seniors\/","og_locale":"en_GB","og_type":"article","og_title":"Salon des S\u00e9niors - MAM","og_description":"MAM au Salon des s\u00e9niors, un rendez-vous incontournable pour bien vieillir en Nouvelle-Cal\u00e9donie Les\u00a026 et 27 avril 2024, la troisi\u00e8me \u00e9dition du\u00a0Salon des Seniors, \u00e9v\u00e9nement phare en Nouvelle-Cal\u00e9donie d\u00e9di\u00e9 au bien vieillir, a rassembl\u00e9 un grand nombre de participants. Cet \u00e9v\u00e9nement a mis en lumi\u00e8re les d\u00e9fis et opportunit\u00e9s li\u00e9s au vieillissement, avec une attention [&hellip;]","og_url":"https:\/\/mam.nc\/en\/salon-des-seniors\/","og_site_name":"MAM","article_publisher":"https:\/\/www.facebook.com\/MamAssistanceConnectee\/","article_published_time":"2024-09-28T00:45:35+00:00","article_modified_time":"2024-12-03T20:26:49+00:00","og_image":[{"width":1920,"height":960,"url":"https:\/\/mam.nc\/wp-content\/uploads\/2024\/12\/Couverture-Salon-des-Seniors-2.0.jpg","type":"image\/jpeg"}],"author":"contact","twitter_card":"summary_large_image","twitter_misc":{"Written by":"contact","Estimated reading time":"3 minutes"},"schema":{"@context":"https:\/\/schema.org","@graph":[{"@type":"Article","@id":"https:\/\/mam.nc\/salon-des-seniors\/#article","isPartOf":{"@id":"https:\/\/mam.nc\/salon-des-seniors\/"},"author":{"name":"contact","@id":"https:\/\/mam.nc\/#\/schema\/person\/82a0c7c44e95783bbf9f3fc77d65718c"},"headline":"Salon des S\u00e9niors","datePublished":"2024-09-28T00:45:35+00:00","dateModified":"2024-12-03T20:26:49+00:00","mainEntityOfPage":{"@id":"https:\/\/mam.nc\/salon-des-seniors\/"},"wordCount":482,"publisher":{"@id":"https:\/\/mam.nc\/#organization"},"image":{"@id":"https:\/\/mam.nc\/salon-des-seniors\/#primaryimage"},"thumbnailUrl":"https:\/\/mam.nc\/wp-content\/uploads\/2024\/12\/Couverture-Salon-des-Seniors-2.0.jpg","articleSection":["Actualit\u00e9","MAM You Connect"],"inLanguage":"en-GB"},{"@type":"WebPage","@id":"https:\/\/mam.nc\/salon-des-seniors\/","url":"https:\/\/mam.nc\/salon-des-seniors\/","name":"Salon des S\u00e9niors - MAM","isPartOf":{"@id":"https:\/\/mam.nc\/#website"},"primaryImageOfPage":{"@id":"https:\/\/mam.nc\/salon-des-seniors\/#primaryimage"},"image":{"@id":"https:\/\/mam.nc\/salon-des-seniors\/#primaryimage"},"thumbnailUrl":"https:\/\/mam.nc\/wp-content\/uploads\/2024\/12\/Couverture-Salon-des-Seniors-2.0.jpg","datePublished":"2024-09-28T00:45:35+00:00","dateModified":"2024-12-03T20:26:49+00:00","breadcrumb":{"@id":"https:\/\/mam.nc\/salon-des-seniors\/#breadcrumb"},"inLanguage":"en-GB","potentialAction":[{"@type":"ReadAction","target":["https:\/\/mam.nc\/salon-des-seniors\/"]}]},{"@type":"ImageObject","inLanguage":"en-GB","@id":"https:\/\/mam.nc\/salon-des-seniors\/#primaryimage","url":"https:\/\/mam.nc\/wp-content\/uploads\/2024\/12\/Couverture-Salon-des-Seniors-2.0.jpg","contentUrl":"https:\/\/mam.nc\/wp-content\/uploads\/2024\/12\/Couverture-Salon-des-Seniors-2.0.jpg","width":1920,"height":960},{"@type":"BreadcrumbList","@id":"https:\/\/mam.nc\/salon-des-seniors\/#breadcrumb","itemListElement":[{"@type":"ListItem","position":1,"name":"Accueil","item":"https:\/\/mam.nc\/"},{"@type":"ListItem","position":2,"name":"Salon des S\u00e9niors"}]},{"@type":"WebSite","@id":"https:\/\/mam.nc\/#website","url":"https:\/\/mam.nc\/","name":"MAM","description":"Votre assistance connect\u00e9e pour gagner en s\u00e9r\u00e9nit\u00e9","publisher":{"@id":"https:\/\/mam.nc\/#organization"},"potentialAction":[{"@type":"SearchAction","target":{"@type":"EntryPoint","urlTemplate":"https:\/\/mam.nc\/?s={search_term_string}"},"query-input":{"@type":"PropertyValueSpecification","valueRequired":true,"valueName":"search_term_string"}}],"inLanguage":"en-GB"},{"@type":"Organization","@id":"https:\/\/mam.nc\/#organization","name":"MAM","url":"https:\/\/mam.nc\/","logo":{"@type":"ImageObject","inLanguage":"en-GB","@id":"https:\/\/mam.nc\/#\/schema\/logo\/image\/","url":"https:\/\/mam.nc\/wp-content\/uploads\/2024\/09\/LOGO_MAM_V2-01-1.webp","contentUrl":"https:\/\/mam.nc\/wp-content\/uploads\/2024\/09\/LOGO_MAM_V2-01-1.webp","width":442,"height":292,"caption":"MAM"},"image":{"@id":"https:\/\/mam.nc\/#\/schema\/logo\/image\/"},"sameAs":["https:\/\/www.facebook.com\/MamAssistanceConnectee\/","https:\/\/www.linkedin.com\/company\/mam-l-assistance-connectee\/"]},{"@type":"Person","@id":"https:\/\/mam.nc\/#\/schema\/person\/82a0c7c44e95783bbf9f3fc77d65718c","name":"contact","image":{"@type":"ImageObject","inLanguage":"en-GB","@id":"https:\/\/mam.nc\/wp-content\/litespeed\/avatar\/83ba4b7c9573cddc042f60eff167a7a9.jpg?ver=1776988605","url":"https:\/\/mam.nc\/wp-content\/litespeed\/avatar\/83ba4b7c9573cddc042f60eff167a7a9.jpg?ver=1776988605","contentUrl":"https:\/\/mam.nc\/wp-content\/litespeed\/avatar\/83ba4b7c9573cddc042f60eff167a7a9.jpg?ver=1776988605","caption":"contact"},"sameAs":["https:\/\/mam.nc"]}]}},"_links":{"self":[{"href":"https:\/\/mam.nc\/en\/wp-json\/wp\/v2\/posts\/160","targetHints":{"allow":["GET"]}}],"collection":[{"href":"https:\/\/mam.nc\/en\/wp-json\/wp\/v2\/posts"}],"about":[{"href":"https:\/\/mam.nc\/en\/wp-json\/wp\/v2\/types\/post"}],"author":[{"embeddable":true,"href":"https:\/\/mam.nc\/en\/wp-json\/wp\/v2\/users\/1"}],"replies":[{"embeddable":true,"href":"https:\/\/mam.nc\/en\/wp-json\/wp\/v2\/comments?post=160"}],"version-history":[{"count":3,"href":"https:\/\/mam.nc\/en\/wp-json\/wp\/v2\/posts\/160\/revisions"}],"predecessor-version":[{"id":854,"href":"https:\/\/mam.nc\/en\/wp-json\/wp\/v2\/posts\/160\/revisions\/854"}],"wp:featuredmedia":[{"embeddable":true,"href":"https:\/\/mam.nc\/en\/wp-json\/wp\/v2\/media\/851"}],"wp:attachment":[{"href":"https:\/\/mam.nc\/en\/wp-json\/wp\/v2\/media?parent=160"}],"wp:term":[{"taxonomy":"category","embeddable":true,"href":"https:\/\/mam.nc\/en\/wp-json\/wp\/v2\/categories?post=160"},{"taxonomy":"post_tag","embeddable":true,"href":"https:\/\/mam.nc\/en\/wp-json\/wp\/v2\/tags?post=160"}],"curies":[{"name":"wp","href":"https:\/\/api.w.org\/{rel}","templated":true}]}}