{"id":900,"date":"2025-01-21T08:00:00","date_gmt":"2025-01-20T21:00:00","guid":{"rendered":"https:\/\/mam.nc\/?p=900"},"modified":"2025-01-20T14:30:41","modified_gmt":"2025-01-20T03:30:41","slug":"la-securite-a-portee-de-main","status":"publish","type":"post","link":"https:\/\/mam.nc\/en\/la-securite-a-portee-de-main\/","title":{"rendered":"LA S\u00c9CURIT\u00c9 \u00c0 PORT\u00c9E DE MAIN"},"content":{"rendered":"<h2 class=\"wp-block-heading\"><strong>La s\u00e9curit\u00e9 au travail en quelques chiffres<\/strong><\/h2>\n\n\n\n<p>Chaque ann\u00e9e, des milliers de travailleurs isol\u00e9s sont victimes d\u2019accidents. En France, on compte en 2022 plus de 550 000 accidents du travail qui ont \u00e9t\u00e9 d\u00e9clar\u00e9s, dont 38 000 laissant des s\u00e9quelles durables et 789 d\u00e9c\u00e8s d\u00e9plor\u00e9s. En Nouvelle-Cal\u00e9donie, la m\u00eame ann\u00e9e, pr\u00e8s de 3000 employ\u00e9s ont \u00e9t\u00e9 victime d&rsquo;un accident du travail, dont 4 sont d\u00e9c\u00e9d\u00e9s.<\/p>\n\n\n\n<p>Ces chiffres alarmants refl\u00e8tent l\u2019importance de la s\u00e9curit\u00e9 des employ\u00e9s au travail. Afin d\u2019\u00e9viter le pire, une solution existe\u00a0: les Dispositifs d\u2019Alarme du Travailleur Isol\u00e9 (DATI).<\/p>\n\n\n\n<h2 class=\"wp-block-heading\"><strong>Qu&rsquo;est-ce que DATI ? <\/strong><\/h2>\n\n\n\n<p>Les Dispositifs d&rsquo;Alarme des Travailleurs Isol\u00e9s (DATI) sont des \u00e9quipements con\u00e7us pour d\u00e9tecter les situations de d\u00e9tresse d&rsquo;un travailleur \u00e9voluant seul dans un environnement potentiellement dangereux. Ils jouent un r\u00f4le crucial dans la pr\u00e9vention des accidents du travail et permettent une intervention rapide en cas de besoin.<\/p>\n\n\n\n<h2 class=\"wp-block-heading\"><strong>Pourquoi opter pour un DATI ?<\/strong><\/h2>\n\n\n\n<p>En effet, les <a href=\"https:\/\/mam.nc\/en\/mam-pro-connect\/#ancrebloc-mam-teleassistance\">DATI<\/a> sont devenus indispensables pour plusieurs raisons essentielles \u00e0 la s\u00e9curit\u00e9 des travailleurs :<\/p>\n\n\n\n<ul class=\"wp-block-list\">\n<li><strong>Protection contre les risques sp\u00e9cifiques aux travailleurs isol\u00e9s:<\/strong> Ces travailleurs sont expos\u00e9s \u00e0 des risques accrus en raison de leur isolement, tels que les chutes, les malaises, les agressions, ou les accidents li\u00e9s \u00e0 l&rsquo;environnement de travail. Les DATI permettent de d\u00e9tecter ces situations et de d\u00e9clencher une alerte rapidement.<br><\/li>\n\n\n\n<li><strong>R\u00e9duction du d\u00e9lai d&rsquo;intervention:<\/strong> En cas d&rsquo;incident, le DATI permet d&rsquo;alerter les secours ou un proche de mani\u00e8re quasi instantan\u00e9e, r\u00e9duisant ainsi consid\u00e9rablement le temps d&rsquo;intervention et augmentant les chances de survie de la victime.<br><\/li>\n\n\n\n<li><strong>Localisation pr\u00e9cise:<\/strong> De nombreux DATI sont \u00e9quip\u00e9s de syst\u00e8mes de g\u00e9olocalisation, ce qui facilite grandement la recherche du travailleur en d\u00e9tresse et permet aux secours d&rsquo;intervenir au bon endroit.<br><\/li>\n\n\n\n<li><strong>Tra\u00e7abilit\u00e9 des activit\u00e9s:<\/strong> Les DATI enregistrent fr\u00e9quemment les d\u00e9placements du travailleur et les \u00e9v\u00e9nements d\u00e9tect\u00e9s. Cela permet ainsi d&rsquo;analyser les conditions de travail et d&rsquo;identifier d&rsquo;\u00e9ventuels risques suppl\u00e9mentaires.<\/li>\n<\/ul>\n\n\n\n<h2 class=\"wp-block-heading\"><strong>Mais alors pour qui sont con\u00e7us ces dispositifs\u00a0?<\/strong><\/h2>\n\n\n\n<p>On a souvent tendance \u00e0 penser que les DATI sont sp\u00e9cialement con\u00e7us pour les ouvriers. Mais quelle est l\u2019\u00e9tendue de cette solution miracle\u00a0? Les DATI ne sont pas r\u00e9serv\u00e9s aux seuls ouvriers du b\u00e2timent. De nombreux autres m\u00e9tiers exposent leurs salari\u00e9s \u00e0 des risques en situation d\u2019isolement. C\u2019est le cas des livreurs parcourant de longues distances, des agents de s\u00e9curit\u00e9 effectuant des rondes nocturnes, ou encore des infirmi\u00e8res \u00e0 domicile intervenant dans des logements isol\u00e9s. Tous ces professionnels peuvent b\u00e9n\u00e9ficier de la protection qu\u2019offre un DATI.<\/p>\n\n\n\n<h2 class=\"wp-block-heading\"><strong>En r\u00e9sum\u00e9&#8230;<\/strong><\/h2>\n\n\n\n<p>Ces dispositifs sont des outils indispensables pour garantir la s\u00e9curit\u00e9 des travailleurs isol\u00e9s. Gr\u00e2ce aux d\u00e9tections de situations de d\u00e9tresse et aux d\u00e9clenchements d\u2019alerte rapide, les DATI contribuent \u00e0 sauver des vies et \u00e0 am\u00e9liorer les conditions de travail.<\/p>\n\n\n\n<p><a href=\"https:\/\/mam.nc\/en\/contact\/\">Contactez-nous<\/a> pour de plus amples informations.<\/p>","protected":false},"excerpt":{"rendered":"<p>La s\u00e9curit\u00e9 au travail en quelques chiffres Chaque ann\u00e9e, des milliers de travailleurs isol\u00e9s sont victimes d\u2019accidents. En France, on compte en 2022 plus de 550 000 accidents du travail qui ont \u00e9t\u00e9 d\u00e9clar\u00e9s, dont 38 000 laissant des s\u00e9quelles durables et 789 d\u00e9c\u00e8s d\u00e9plor\u00e9s. En Nouvelle-Cal\u00e9donie, la m\u00eame ann\u00e9e, pr\u00e8s de 3000 employ\u00e9s ont [&hellip;]<\/p>\n","protected":false},"author":2,"featured_media":902,"comment_status":"closed","ping_status":"closed","sticky":false,"template":"","format":"standard","meta":{"_et_pb_use_builder":"","_et_pb_old_content":"","_et_gb_content_width":"","footnotes":""},"categories":[11,15],"tags":[23,24,19,22,25,20,21],"class_list":["post-900","post","type-post","status-publish","format-standard","has-post-thumbnail","hentry","category-actualite","category-mam-pro-connect","tag-accident","tag-accident-du-travail","tag-dati","tag-mam","tag-mam-pro-connect","tag-securite","tag-travail","et-has-post-format-content","et_post_format-et-post-format-standard"],"yoast_head":"<!-- This site is optimized with the Yoast SEO plugin v27.5 - https:\/\/yoast.com\/product\/yoast-seo-wordpress\/ -->\n<title>LA S\u00c9CURIT\u00c9 \u00c0 PORT\u00c9E DE MAIN - MAM<\/title>\n<meta name=\"robots\" content=\"index, follow, max-snippet:-1, max-image-preview:large, max-video-preview:-1\" \/>\n<link rel=\"canonical\" href=\"https:\/\/mam.nc\/en\/la-securite-a-portee-de-main\/\" \/>\n<meta property=\"og:locale\" content=\"en_GB\" \/>\n<meta property=\"og:type\" content=\"article\" \/>\n<meta property=\"og:title\" content=\"LA S\u00c9CURIT\u00c9 \u00c0 PORT\u00c9E DE MAIN - MAM\" \/>\n<meta property=\"og:description\" content=\"La s\u00e9curit\u00e9 au travail en quelques chiffres Chaque ann\u00e9e, des milliers de travailleurs isol\u00e9s sont victimes d\u2019accidents. En France, on compte en 2022 plus de 550 000 accidents du travail qui ont \u00e9t\u00e9 d\u00e9clar\u00e9s, dont 38 000 laissant des s\u00e9quelles durables et 789 d\u00e9c\u00e8s d\u00e9plor\u00e9s. En Nouvelle-Cal\u00e9donie, la m\u00eame ann\u00e9e, pr\u00e8s de 3000 employ\u00e9s ont [&hellip;]\" \/>\n<meta property=\"og:url\" content=\"https:\/\/mam.nc\/en\/la-securite-a-portee-de-main\/\" \/>\n<meta property=\"og:site_name\" content=\"MAM\" \/>\n<meta property=\"article:publisher\" content=\"https:\/\/www.facebook.com\/MamAssistanceConnectee\/\" \/>\n<meta property=\"article:published_time\" content=\"2025-01-20T21:00:00+00:00\" \/>\n<meta property=\"og:image\" content=\"https:\/\/mam.nc\/wp-content\/uploads\/2025\/01\/Visuel-article-DATI-1.jpg\" \/>\n\t<meta property=\"og:image:width\" content=\"1920\" \/>\n\t<meta property=\"og:image:height\" content=\"960\" \/>\n\t<meta property=\"og:image:type\" content=\"image\/jpeg\" \/>\n<meta name=\"author\" content=\"Sarah BRECARD\" \/>\n<meta name=\"twitter:card\" content=\"summary_large_image\" \/>\n<meta name=\"twitter:label1\" content=\"Written by\" \/>\n\t<meta name=\"twitter:data1\" content=\"Sarah BRECARD\" \/>\n\t<meta name=\"twitter:label2\" content=\"Estimated reading time\" \/>\n\t<meta name=\"twitter:data2\" content=\"3 minutes\" \/>\n<script type=\"application\/ld+json\" class=\"yoast-schema-graph\">{\"@context\":\"https:\\\/\\\/schema.org\",\"@graph\":[{\"@type\":\"Article\",\"@id\":\"https:\\\/\\\/mam.nc\\\/la-securite-a-portee-de-main\\\/#article\",\"isPartOf\":{\"@id\":\"https:\\\/\\\/mam.nc\\\/la-securite-a-portee-de-main\\\/\"},\"author\":{\"name\":\"Sarah BRECARD\",\"@id\":\"https:\\\/\\\/mam.nc\\\/#\\\/schema\\\/person\\\/0179a388c05d85bbfe77a23df97a2179\"},\"headline\":\"LA S\u00c9CURIT\u00c9 \u00c0 PORT\u00c9E DE MAIN\",\"datePublished\":\"2025-01-20T21:00:00+00:00\",\"mainEntityOfPage\":{\"@id\":\"https:\\\/\\\/mam.nc\\\/la-securite-a-portee-de-main\\\/\"},\"wordCount\":532,\"publisher\":{\"@id\":\"https:\\\/\\\/mam.nc\\\/#organization\"},\"image\":{\"@id\":\"https:\\\/\\\/mam.nc\\\/la-securite-a-portee-de-main\\\/#primaryimage\"},\"thumbnailUrl\":\"https:\\\/\\\/mam.nc\\\/wp-content\\\/uploads\\\/2025\\\/01\\\/Visuel-article-DATI-1.jpg\",\"keywords\":[\"accident\",\"accident du travail\",\"DATI\",\"MAM\",\"MAM Pro Connect\",\"s\u00e9curit\u00e9\",\"travail\"],\"articleSection\":[\"Actualit\u00e9\",\"MAM Pro Connect\"],\"inLanguage\":\"en-GB\"},{\"@type\":\"WebPage\",\"@id\":\"https:\\\/\\\/mam.nc\\\/la-securite-a-portee-de-main\\\/\",\"url\":\"https:\\\/\\\/mam.nc\\\/la-securite-a-portee-de-main\\\/\",\"name\":\"LA S\u00c9CURIT\u00c9 \u00c0 PORT\u00c9E DE MAIN - MAM\",\"isPartOf\":{\"@id\":\"https:\\\/\\\/mam.nc\\\/#website\"},\"primaryImageOfPage\":{\"@id\":\"https:\\\/\\\/mam.nc\\\/la-securite-a-portee-de-main\\\/#primaryimage\"},\"image\":{\"@id\":\"https:\\\/\\\/mam.nc\\\/la-securite-a-portee-de-main\\\/#primaryimage\"},\"thumbnailUrl\":\"https:\\\/\\\/mam.nc\\\/wp-content\\\/uploads\\\/2025\\\/01\\\/Visuel-article-DATI-1.jpg\",\"datePublished\":\"2025-01-20T21:00:00+00:00\",\"breadcrumb\":{\"@id\":\"https:\\\/\\\/mam.nc\\\/la-securite-a-portee-de-main\\\/#breadcrumb\"},\"inLanguage\":\"en-GB\",\"potentialAction\":[{\"@type\":\"ReadAction\",\"target\":[\"https:\\\/\\\/mam.nc\\\/la-securite-a-portee-de-main\\\/\"]}]},{\"@type\":\"ImageObject\",\"inLanguage\":\"en-GB\",\"@id\":\"https:\\\/\\\/mam.nc\\\/la-securite-a-portee-de-main\\\/#primaryimage\",\"url\":\"https:\\\/\\\/mam.nc\\\/wp-content\\\/uploads\\\/2025\\\/01\\\/Visuel-article-DATI-1.jpg\",\"contentUrl\":\"https:\\\/\\\/mam.nc\\\/wp-content\\\/uploads\\\/2025\\\/01\\\/Visuel-article-DATI-1.jpg\",\"width\":1920,\"height\":960},{\"@type\":\"BreadcrumbList\",\"@id\":\"https:\\\/\\\/mam.nc\\\/la-securite-a-portee-de-main\\\/#breadcrumb\",\"itemListElement\":[{\"@type\":\"ListItem\",\"position\":1,\"name\":\"Accueil\",\"item\":\"https:\\\/\\\/mam.nc\\\/\"},{\"@type\":\"ListItem\",\"position\":2,\"name\":\"LA S\u00c9CURIT\u00c9 \u00c0 PORT\u00c9E DE MAIN\"}]},{\"@type\":\"WebSite\",\"@id\":\"https:\\\/\\\/mam.nc\\\/#website\",\"url\":\"https:\\\/\\\/mam.nc\\\/\",\"name\":\"MAM\",\"description\":\"Votre assistance connect\u00e9e pour gagner en s\u00e9r\u00e9nit\u00e9\",\"publisher\":{\"@id\":\"https:\\\/\\\/mam.nc\\\/#organization\"},\"potentialAction\":[{\"@type\":\"SearchAction\",\"target\":{\"@type\":\"EntryPoint\",\"urlTemplate\":\"https:\\\/\\\/mam.nc\\\/?s={search_term_string}\"},\"query-input\":{\"@type\":\"PropertyValueSpecification\",\"valueRequired\":true,\"valueName\":\"search_term_string\"}}],\"inLanguage\":\"en-GB\"},{\"@type\":\"Organization\",\"@id\":\"https:\\\/\\\/mam.nc\\\/#organization\",\"name\":\"MAM\",\"url\":\"https:\\\/\\\/mam.nc\\\/\",\"logo\":{\"@type\":\"ImageObject\",\"inLanguage\":\"en-GB\",\"@id\":\"https:\\\/\\\/mam.nc\\\/#\\\/schema\\\/logo\\\/image\\\/\",\"url\":\"https:\\\/\\\/mam.nc\\\/wp-content\\\/uploads\\\/2024\\\/09\\\/LOGO_MAM_V2-01-1.webp\",\"contentUrl\":\"https:\\\/\\\/mam.nc\\\/wp-content\\\/uploads\\\/2024\\\/09\\\/LOGO_MAM_V2-01-1.webp\",\"width\":442,\"height\":292,\"caption\":\"MAM\"},\"image\":{\"@id\":\"https:\\\/\\\/mam.nc\\\/#\\\/schema\\\/logo\\\/image\\\/\"},\"sameAs\":[\"https:\\\/\\\/www.facebook.com\\\/MamAssistanceConnectee\\\/\",\"https:\\\/\\\/www.linkedin.com\\\/company\\\/mam-l-assistance-connectee\\\/\"]},{\"@type\":\"Person\",\"@id\":\"https:\\\/\\\/mam.nc\\\/#\\\/schema\\\/person\\\/0179a388c05d85bbfe77a23df97a2179\",\"name\":\"Sarah BRECARD\",\"image\":{\"@type\":\"ImageObject\",\"inLanguage\":\"en-GB\",\"@id\":\"https:\\\/\\\/mam.nc\\\/wp-content\\\/litespeed\\\/avatar\\\/c8b28784cca744fd078670d9126d6f4a.jpg?ver=1776971598\",\"url\":\"https:\\\/\\\/mam.nc\\\/wp-content\\\/litespeed\\\/avatar\\\/c8b28784cca744fd078670d9126d6f4a.jpg?ver=1776971598\",\"contentUrl\":\"https:\\\/\\\/mam.nc\\\/wp-content\\\/litespeed\\\/avatar\\\/c8b28784cca744fd078670d9126d6f4a.jpg?ver=1776971598\",\"caption\":\"Sarah BRECARD\"}}]}<\/script>\n<!-- \/ Yoast SEO plugin. -->","yoast_head_json":{"title":"LA S\u00c9CURIT\u00c9 \u00c0 PORT\u00c9E DE MAIN - MAM","robots":{"index":"index","follow":"follow","max-snippet":"max-snippet:-1","max-image-preview":"max-image-preview:large","max-video-preview":"max-video-preview:-1"},"canonical":"https:\/\/mam.nc\/en\/la-securite-a-portee-de-main\/","og_locale":"en_GB","og_type":"article","og_title":"LA S\u00c9CURIT\u00c9 \u00c0 PORT\u00c9E DE MAIN - MAM","og_description":"La s\u00e9curit\u00e9 au travail en quelques chiffres Chaque ann\u00e9e, des milliers de travailleurs isol\u00e9s sont victimes d\u2019accidents. En France, on compte en 2022 plus de 550 000 accidents du travail qui ont \u00e9t\u00e9 d\u00e9clar\u00e9s, dont 38 000 laissant des s\u00e9quelles durables et 789 d\u00e9c\u00e8s d\u00e9plor\u00e9s. En Nouvelle-Cal\u00e9donie, la m\u00eame ann\u00e9e, pr\u00e8s de 3000 employ\u00e9s ont [&hellip;]","og_url":"https:\/\/mam.nc\/en\/la-securite-a-portee-de-main\/","og_site_name":"MAM","article_publisher":"https:\/\/www.facebook.com\/MamAssistanceConnectee\/","article_published_time":"2025-01-20T21:00:00+00:00","og_image":[{"width":1920,"height":960,"url":"https:\/\/mam.nc\/wp-content\/uploads\/2025\/01\/Visuel-article-DATI-1.jpg","type":"image\/jpeg"}],"author":"Sarah BRECARD","twitter_card":"summary_large_image","twitter_misc":{"Written by":"Sarah BRECARD","Estimated reading time":"3 minutes"},"schema":{"@context":"https:\/\/schema.org","@graph":[{"@type":"Article","@id":"https:\/\/mam.nc\/la-securite-a-portee-de-main\/#article","isPartOf":{"@id":"https:\/\/mam.nc\/la-securite-a-portee-de-main\/"},"author":{"name":"Sarah BRECARD","@id":"https:\/\/mam.nc\/#\/schema\/person\/0179a388c05d85bbfe77a23df97a2179"},"headline":"LA S\u00c9CURIT\u00c9 \u00c0 PORT\u00c9E DE MAIN","datePublished":"2025-01-20T21:00:00+00:00","mainEntityOfPage":{"@id":"https:\/\/mam.nc\/la-securite-a-portee-de-main\/"},"wordCount":532,"publisher":{"@id":"https:\/\/mam.nc\/#organization"},"image":{"@id":"https:\/\/mam.nc\/la-securite-a-portee-de-main\/#primaryimage"},"thumbnailUrl":"https:\/\/mam.nc\/wp-content\/uploads\/2025\/01\/Visuel-article-DATI-1.jpg","keywords":["accident","accident du travail","DATI","MAM","MAM Pro Connect","s\u00e9curit\u00e9","travail"],"articleSection":["Actualit\u00e9","MAM Pro Connect"],"inLanguage":"en-GB"},{"@type":"WebPage","@id":"https:\/\/mam.nc\/la-securite-a-portee-de-main\/","url":"https:\/\/mam.nc\/la-securite-a-portee-de-main\/","name":"LA S\u00c9CURIT\u00c9 \u00c0 PORT\u00c9E DE MAIN - MAM","isPartOf":{"@id":"https:\/\/mam.nc\/#website"},"primaryImageOfPage":{"@id":"https:\/\/mam.nc\/la-securite-a-portee-de-main\/#primaryimage"},"image":{"@id":"https:\/\/mam.nc\/la-securite-a-portee-de-main\/#primaryimage"},"thumbnailUrl":"https:\/\/mam.nc\/wp-content\/uploads\/2025\/01\/Visuel-article-DATI-1.jpg","datePublished":"2025-01-20T21:00:00+00:00","breadcrumb":{"@id":"https:\/\/mam.nc\/la-securite-a-portee-de-main\/#breadcrumb"},"inLanguage":"en-GB","potentialAction":[{"@type":"ReadAction","target":["https:\/\/mam.nc\/la-securite-a-portee-de-main\/"]}]},{"@type":"ImageObject","inLanguage":"en-GB","@id":"https:\/\/mam.nc\/la-securite-a-portee-de-main\/#primaryimage","url":"https:\/\/mam.nc\/wp-content\/uploads\/2025\/01\/Visuel-article-DATI-1.jpg","contentUrl":"https:\/\/mam.nc\/wp-content\/uploads\/2025\/01\/Visuel-article-DATI-1.jpg","width":1920,"height":960},{"@type":"BreadcrumbList","@id":"https:\/\/mam.nc\/la-securite-a-portee-de-main\/#breadcrumb","itemListElement":[{"@type":"ListItem","position":1,"name":"Accueil","item":"https:\/\/mam.nc\/"},{"@type":"ListItem","position":2,"name":"LA S\u00c9CURIT\u00c9 \u00c0 PORT\u00c9E DE MAIN"}]},{"@type":"WebSite","@id":"https:\/\/mam.nc\/#website","url":"https:\/\/mam.nc\/","name":"MAM","description":"Votre assistance connect\u00e9e pour gagner en s\u00e9r\u00e9nit\u00e9","publisher":{"@id":"https:\/\/mam.nc\/#organization"},"potentialAction":[{"@type":"SearchAction","target":{"@type":"EntryPoint","urlTemplate":"https:\/\/mam.nc\/?s={search_term_string}"},"query-input":{"@type":"PropertyValueSpecification","valueRequired":true,"valueName":"search_term_string"}}],"inLanguage":"en-GB"},{"@type":"Organization","@id":"https:\/\/mam.nc\/#organization","name":"MAM","url":"https:\/\/mam.nc\/","logo":{"@type":"ImageObject","inLanguage":"en-GB","@id":"https:\/\/mam.nc\/#\/schema\/logo\/image\/","url":"https:\/\/mam.nc\/wp-content\/uploads\/2024\/09\/LOGO_MAM_V2-01-1.webp","contentUrl":"https:\/\/mam.nc\/wp-content\/uploads\/2024\/09\/LOGO_MAM_V2-01-1.webp","width":442,"height":292,"caption":"MAM"},"image":{"@id":"https:\/\/mam.nc\/#\/schema\/logo\/image\/"},"sameAs":["https:\/\/www.facebook.com\/MamAssistanceConnectee\/","https:\/\/www.linkedin.com\/company\/mam-l-assistance-connectee\/"]},{"@type":"Person","@id":"https:\/\/mam.nc\/#\/schema\/person\/0179a388c05d85bbfe77a23df97a2179","name":"Sarah BRECARD","image":{"@type":"ImageObject","inLanguage":"en-GB","@id":"https:\/\/mam.nc\/wp-content\/litespeed\/avatar\/c8b28784cca744fd078670d9126d6f4a.jpg?ver=1776971598","url":"https:\/\/mam.nc\/wp-content\/litespeed\/avatar\/c8b28784cca744fd078670d9126d6f4a.jpg?ver=1776971598","contentUrl":"https:\/\/mam.nc\/wp-content\/litespeed\/avatar\/c8b28784cca744fd078670d9126d6f4a.jpg?ver=1776971598","caption":"Sarah BRECARD"}}]}},"_links":{"self":[{"href":"https:\/\/mam.nc\/en\/wp-json\/wp\/v2\/posts\/900","targetHints":{"allow":["GET"]}}],"collection":[{"href":"https:\/\/mam.nc\/en\/wp-json\/wp\/v2\/posts"}],"about":[{"href":"https:\/\/mam.nc\/en\/wp-json\/wp\/v2\/types\/post"}],"author":[{"embeddable":true,"href":"https:\/\/mam.nc\/en\/wp-json\/wp\/v2\/users\/2"}],"replies":[{"embeddable":true,"href":"https:\/\/mam.nc\/en\/wp-json\/wp\/v2\/comments?post=900"}],"version-history":[{"count":1,"href":"https:\/\/mam.nc\/en\/wp-json\/wp\/v2\/posts\/900\/revisions"}],"predecessor-version":[{"id":903,"href":"https:\/\/mam.nc\/en\/wp-json\/wp\/v2\/posts\/900\/revisions\/903"}],"wp:featuredmedia":[{"embeddable":true,"href":"https:\/\/mam.nc\/en\/wp-json\/wp\/v2\/media\/902"}],"wp:attachment":[{"href":"https:\/\/mam.nc\/en\/wp-json\/wp\/v2\/media?parent=900"}],"wp:term":[{"taxonomy":"category","embeddable":true,"href":"https:\/\/mam.nc\/en\/wp-json\/wp\/v2\/categories?post=900"},{"taxonomy":"post_tag","embeddable":true,"href":"https:\/\/mam.nc\/en\/wp-json\/wp\/v2\/tags?post=900"}],"curies":[{"name":"wp","href":"https:\/\/api.w.org\/{rel}","templated":true}]}}