{"id":931,"date":"2025-03-21T08:00:00","date_gmt":"2025-03-20T21:00:00","guid":{"rendered":"https:\/\/mam.nc\/?p=931"},"modified":"2025-03-18T13:25:11","modified_gmt":"2025-03-18T02:25:11","slug":"la-domotique-revolutionner-votre-quotidien-avec-des-espaces-intelligents-et-connectes","status":"publish","type":"post","link":"https:\/\/mam.nc\/en\/la-domotique-revolutionner-votre-quotidien-avec-des-espaces-intelligents-et-connectes\/","title":{"rendered":"La Domotique\u00a0: R\u00e9volutionner Votre Quotidien avec des Espaces Intelligents et Connect\u00e9s."},"content":{"rendered":"<h2 class=\"wp-block-heading\"><strong>Bienvenue dans l&rsquo;\u00e8re de la domotique<\/strong><\/h2>\n\n\n\n<p>Dans un monde o\u00f9 la technologie \u00e9volue \u00e0 une vitesse fulgurante, la domotique se positionne comme une r\u00e9volution incontournable.<\/p>\n\n\n\n<p>Imaginez un quotidien o\u00f9 votre maison ou votre bureau anticipe vos besoins. Vous offrant confort, s\u00e9curit\u00e9 et efficacit\u00e9 \u00e0 chaque instant. De l\u2019ouverture automatique des volets au lever du jour \u00e0 la gestion intelligente des syst\u00e8mes de s\u00e9curit\u00e9 en entreprise, la domotique transforme nos espaces de vie et de travail en environnement intelligents et connect\u00e9s.<\/p>\n\n\n\n<p>Explorez les multiples avantages de cette innovation, tant pour les particuliers que pour les entreprises, \u00e0 travers des sc\u00e9narios concrets qui illustrent son impact sur notre quotidien.<\/p>\n\n\n\n<h2 class=\"wp-block-heading\">Les avantages de la domotique <\/h2>\n\n\n\n<h3 class=\"wp-block-heading\"><a href=\"https:\/\/mam.nc\/en\/mam-you-connect\/#ancrebloc-mam-home-connect\">Pour les particuliers <\/a><\/h3>\n\n\n\n<h4 class=\"wp-block-heading\">Confort &amp; Commodit\u00e9 <\/h4>\n\n\n\n<p>Il existe de nombreux sc\u00e9narios possibles afin d\u2019am\u00e9liorer votre confort au sein de votre domicile. En voici deux s\u00e9lectionn\u00e9s comme exemple&nbsp;:<\/p>\n\n\n\n<ul class=\"wp-block-list\">\n<li>Sc\u00e9nario \u00ab\u00a0Tomber de la nuit\u00a0\u00bb\u00a0: \u00c0 la tomb\u00e9e de la nuit, les lumi\u00e8res s\u2019allument progressivement, les volets se ferment et le syst\u00e8me de s\u00e9curit\u00e9 se met en marche, cr\u00e9ant une ambiance chaleureuse et s\u00e9curis\u00e9e. <\/li>\n\n\n\n<li>Sc\u00e9nario \u00ab\u00a0Lever du jour\u00a0\u00bb\u00a0: Imaginez un matin o\u00f9 les volets s\u2019ouvrent automatiquement, la cafeti\u00e8re se met en marche et la climatisation s\u2019\u00e9teint pour un r\u00e9veil parfait.<\/li>\n<\/ul>\n\n\n\n<h4 class=\"wp-block-heading\">S\u00e9curit\u00e9 <\/h4>\n\n\n\n<p>B\u00e9n\u00e9ficiez d\u2019une surveillance en temps r\u00e9el avec des cam\u00e9ras connect\u00e9es. Soyez alert\u00e9 instantan\u00e9ment en cas d\u2019intrusion ou de d\u00e9tection de fum\u00e9e.<\/p>\n\n\n\n<h4 class=\"wp-block-heading\">\u00c9conomie d&rsquo;\u00c9nergie<\/h4>\n\n\n\n<p>\u00c9conomisez de l\u2019\u00e9nergie gr\u00e2ce \u00e0 des thermostats intelligents qui ajustent la temp\u00e9rature en fonction de la pr\u00e9sence des occupants, de l\u2019\u00e9clairage automatique qui s\u2019\u00e9teint lorsqu\u2019une pi\u00e8ce est inoccup\u00e9e\u2026<\/p>\n\n\n\n<h3 class=\"wp-block-heading\"><a href=\"https:\/\/www.youtube.com\/watch?v=M6wxGPHaYTE\">Pour les entreprises<\/a> <\/h3>\n\n\n\n<h4 class=\"wp-block-heading\">Efficacit\u00e9 Op\u00e9rationnelle <\/h4>\n\n\n\n<p>Gagnez en efficacit\u00e9 op\u00e9rationnelle et optimisez la gestion de vos espaces de travail \u00e0 l\u2019aide de multiples sc\u00e9narios&nbsp;!<\/p>\n\n\n\n<ul class=\"wp-block-list\">\n<li>Sc\u00e9nario \u00ab\u00a0R\u00e9union\u00a0\u00bb\u00a0: Les salles de r\u00e9union s\u2019\u00e9quipent automatiquement (lumi\u00e8res, projecteurs, climatisation) en fonction des r\u00e9servations.<\/li>\n\n\n\n<li>Sc\u00e9nario \u00ab\u00a0Ouverture\u00a0\u00bb\u00a0: Le matin, les lumi\u00e8res et syst\u00e8mes de chauffage\/climatisation s\u2019activent avant l\u2019arriv\u00e9e des employ\u00e9s.<\/li>\n\n\n\n<li>Sc\u00e9nario \u00ab\u00a0Fermeture\u00a0\u00bb\u00a0: Le soir, les lumi\u00e8res s\u2019\u00e9teignent, les portes se verrouillent et les syst\u00e8mes de s\u00e9curit\u00e9 se mettent en marche.<\/li>\n<\/ul>\n\n\n\n<h4 class=\"wp-block-heading\">S\u00e9curit\u00e9 &amp; Surveillance <\/h4>\n\n\n\n<p>Un contr\u00f4le d&rsquo;acc\u00e8s intelligent peut restreindre l&rsquo;entr\u00e9e aux zones sensibles, assurant ainsi la s\u00e9curit\u00e9 des lieux. La surveillance vid\u00e9o en temps r\u00e9el, avec des alertes imm\u00e9diates, permet de pr\u00e9venir efficacement les incidents.<\/p>\n\n\n\n<h4 class=\"wp-block-heading\">Gestion de l&rsquo;\u00c9nergie<\/h4>\n\n\n\n<p>Les syst\u00e8mes intelligents optimisent l&rsquo;\u00e9nergie, r\u00e9duisant la consommation avec une gestion efficace. L&rsquo;automatisation de l&rsquo;\u00e9clairage et de la climatisation diminue les co\u00fbts op\u00e9rationnels de mani\u00e8re significative.<\/p>\n\n\n\n<h2 class=\"wp-block-heading\">Cap vers un avenir connect\u00e9 !<\/h2>\n\n\n\n<p>En outre, la domotique repr\u00e9sente bien plus qu\u2019une simple avanc\u00e9e technologique. Elle incarne une transformation profonde de nos espaces de vie et de travail. En offrant des solutions intelligentes pour am\u00e9liorer le confort, la s\u00e9curit\u00e9 et l\u2019efficacit\u00e9 \u00e9nerg\u00e9tique, elle r\u00e9pond aux besoins croissants des particuliers et des entreprises. Alors que nous nous dirigeons vers un avenir de plus en plus connect\u00e9, la domotique promet de jouer un r\u00f4le central dans la modernisation de notre quotidien. Adopter ces innovations, c\u2019est embrasser une nouvelle mani\u00e8re de vivre et de travailler, o\u00f9 chaque geste est simplifi\u00e9 et chaque moment est optimis\u00e9. <\/p>\n\n\n\n<p>Contactez-nous afin d\u2019explorer les possibilit\u00e9s offertes par la domotique et d\u00e9couvrez comment elle peut r\u00e9volutionner votre environnement d\u00e8s aujourd\u2019hui\u00a0!<\/p>","protected":false},"excerpt":{"rendered":"<p>Bienvenue dans l&rsquo;\u00e8re de la domotique Dans un monde o\u00f9 la technologie \u00e9volue \u00e0 une vitesse fulgurante, la domotique se positionne comme une r\u00e9volution incontournable. Imaginez un quotidien o\u00f9 votre maison ou votre bureau anticipe vos besoins. Vous offrant confort, s\u00e9curit\u00e9 et efficacit\u00e9 \u00e0 chaque instant. De l\u2019ouverture automatique des volets au lever du jour [&hellip;]<\/p>\n","protected":false},"author":2,"featured_media":932,"comment_status":"closed","ping_status":"closed","sticky":false,"template":"","format":"standard","meta":{"_et_pb_use_builder":"","_et_pb_old_content":"","_et_gb_content_width":"","footnotes":""},"categories":[11,15,14],"tags":[33,36,37,35,34,22,25,29],"class_list":["post-931","post","type-post","status-publish","format-standard","has-post-thumbnail","hentry","category-actualite","category-mam-pro-connect","category-mam-you-connect","tag-domotique","tag-espace-de-travail","tag-innovation","tag-maison-connectee","tag-maison-intelligente","tag-mam","tag-mam-pro-connect","tag-mam-you-connect","et-has-post-format-content","et_post_format-et-post-format-standard"],"yoast_head":"<!-- This site is optimized with the Yoast SEO plugin v27.5 - https:\/\/yoast.com\/product\/yoast-seo-wordpress\/ -->\n<title>La Domotique\u00a0: R\u00e9volutionner Votre Quotidien avec des Espaces Intelligents et Connect\u00e9s. - MAM<\/title>\n<meta name=\"description\" content=\"Dans un monde o\u00f9 la technologie \u00e9volue \u00e0 une vitesse fulgurante, la domotique se positionne comme une r\u00e9volution incontournable.\" \/>\n<meta name=\"robots\" content=\"index, follow, max-snippet:-1, max-image-preview:large, max-video-preview:-1\" \/>\n<link rel=\"canonical\" href=\"https:\/\/mam.nc\/en\/la-domotique-revolutionner-votre-quotidien-avec-des-espaces-intelligents-et-connectes\/\" \/>\n<meta property=\"og:locale\" content=\"en_GB\" \/>\n<meta property=\"og:type\" content=\"article\" \/>\n<meta property=\"og:title\" content=\"La Domotique\u00a0: R\u00e9volutionner Votre Quotidien avec des Espaces Intelligents et Connect\u00e9s. - MAM\" \/>\n<meta property=\"og:description\" content=\"Dans un monde o\u00f9 la technologie \u00e9volue \u00e0 une vitesse fulgurante, la domotique se positionne comme une r\u00e9volution incontournable.\" \/>\n<meta property=\"og:url\" content=\"https:\/\/mam.nc\/en\/la-domotique-revolutionner-votre-quotidien-avec-des-espaces-intelligents-et-connectes\/\" \/>\n<meta property=\"og:site_name\" content=\"MAM\" \/>\n<meta property=\"article:publisher\" content=\"https:\/\/www.facebook.com\/MamAssistanceConnectee\/\" \/>\n<meta property=\"article:published_time\" content=\"2025-03-20T21:00:00+00:00\" \/>\n<meta property=\"og:image\" content=\"https:\/\/mam.nc\/wp-content\/uploads\/2025\/03\/Visuel-article-MAM-Home-Connect.jpg\" \/>\n\t<meta property=\"og:image:width\" content=\"1920\" \/>\n\t<meta property=\"og:image:height\" content=\"960\" \/>\n\t<meta property=\"og:image:type\" content=\"image\/jpeg\" \/>\n<meta name=\"author\" content=\"Sarah BRECARD\" \/>\n<meta name=\"twitter:card\" content=\"summary_large_image\" \/>\n<meta name=\"twitter:label1\" content=\"Written by\" \/>\n\t<meta name=\"twitter:data1\" content=\"Sarah BRECARD\" \/>\n\t<meta name=\"twitter:label2\" content=\"Estimated reading time\" \/>\n\t<meta name=\"twitter:data2\" content=\"3 minutes\" \/>\n<script type=\"application\/ld+json\" class=\"yoast-schema-graph\">{\"@context\":\"https:\\\/\\\/schema.org\",\"@graph\":[{\"@type\":\"Article\",\"@id\":\"https:\\\/\\\/mam.nc\\\/la-domotique-revolutionner-votre-quotidien-avec-des-espaces-intelligents-et-connectes\\\/#article\",\"isPartOf\":{\"@id\":\"https:\\\/\\\/mam.nc\\\/la-domotique-revolutionner-votre-quotidien-avec-des-espaces-intelligents-et-connectes\\\/\"},\"author\":{\"name\":\"Sarah BRECARD\",\"@id\":\"https:\\\/\\\/mam.nc\\\/#\\\/schema\\\/person\\\/0179a388c05d85bbfe77a23df97a2179\"},\"headline\":\"La Domotique\u00a0: R\u00e9volutionner Votre Quotidien avec des Espaces Intelligents et Connect\u00e9s.\",\"datePublished\":\"2025-03-20T21:00:00+00:00\",\"mainEntityOfPage\":{\"@id\":\"https:\\\/\\\/mam.nc\\\/la-domotique-revolutionner-votre-quotidien-avec-des-espaces-intelligents-et-connectes\\\/\"},\"wordCount\":626,\"publisher\":{\"@id\":\"https:\\\/\\\/mam.nc\\\/#organization\"},\"image\":{\"@id\":\"https:\\\/\\\/mam.nc\\\/la-domotique-revolutionner-votre-quotidien-avec-des-espaces-intelligents-et-connectes\\\/#primaryimage\"},\"thumbnailUrl\":\"https:\\\/\\\/mam.nc\\\/wp-content\\\/uploads\\\/2025\\\/03\\\/Visuel-article-MAM-Home-Connect.jpg\",\"keywords\":[\"domotique\",\"espace de travail\",\"innovation\",\"maison connect\u00e9e\",\"maison intelligente\",\"MAM\",\"MAM Pro Connect\",\"MAM You Connect\"],\"articleSection\":[\"Actualit\u00e9\",\"MAM Pro Connect\",\"MAM You Connect\"],\"inLanguage\":\"en-GB\"},{\"@type\":\"WebPage\",\"@id\":\"https:\\\/\\\/mam.nc\\\/la-domotique-revolutionner-votre-quotidien-avec-des-espaces-intelligents-et-connectes\\\/\",\"url\":\"https:\\\/\\\/mam.nc\\\/la-domotique-revolutionner-votre-quotidien-avec-des-espaces-intelligents-et-connectes\\\/\",\"name\":\"La Domotique\u00a0: R\u00e9volutionner Votre Quotidien avec des Espaces Intelligents et Connect\u00e9s. - MAM\",\"isPartOf\":{\"@id\":\"https:\\\/\\\/mam.nc\\\/#website\"},\"primaryImageOfPage\":{\"@id\":\"https:\\\/\\\/mam.nc\\\/la-domotique-revolutionner-votre-quotidien-avec-des-espaces-intelligents-et-connectes\\\/#primaryimage\"},\"image\":{\"@id\":\"https:\\\/\\\/mam.nc\\\/la-domotique-revolutionner-votre-quotidien-avec-des-espaces-intelligents-et-connectes\\\/#primaryimage\"},\"thumbnailUrl\":\"https:\\\/\\\/mam.nc\\\/wp-content\\\/uploads\\\/2025\\\/03\\\/Visuel-article-MAM-Home-Connect.jpg\",\"datePublished\":\"2025-03-20T21:00:00+00:00\",\"description\":\"Dans un monde o\u00f9 la technologie \u00e9volue \u00e0 une vitesse fulgurante, la domotique se positionne comme une r\u00e9volution incontournable.\",\"breadcrumb\":{\"@id\":\"https:\\\/\\\/mam.nc\\\/la-domotique-revolutionner-votre-quotidien-avec-des-espaces-intelligents-et-connectes\\\/#breadcrumb\"},\"inLanguage\":\"en-GB\",\"potentialAction\":[{\"@type\":\"ReadAction\",\"target\":[\"https:\\\/\\\/mam.nc\\\/la-domotique-revolutionner-votre-quotidien-avec-des-espaces-intelligents-et-connectes\\\/\"]}]},{\"@type\":\"ImageObject\",\"inLanguage\":\"en-GB\",\"@id\":\"https:\\\/\\\/mam.nc\\\/la-domotique-revolutionner-votre-quotidien-avec-des-espaces-intelligents-et-connectes\\\/#primaryimage\",\"url\":\"https:\\\/\\\/mam.nc\\\/wp-content\\\/uploads\\\/2025\\\/03\\\/Visuel-article-MAM-Home-Connect.jpg\",\"contentUrl\":\"https:\\\/\\\/mam.nc\\\/wp-content\\\/uploads\\\/2025\\\/03\\\/Visuel-article-MAM-Home-Connect.jpg\",\"width\":1920,\"height\":960},{\"@type\":\"BreadcrumbList\",\"@id\":\"https:\\\/\\\/mam.nc\\\/la-domotique-revolutionner-votre-quotidien-avec-des-espaces-intelligents-et-connectes\\\/#breadcrumb\",\"itemListElement\":[{\"@type\":\"ListItem\",\"position\":1,\"name\":\"Accueil\",\"item\":\"https:\\\/\\\/mam.nc\\\/\"},{\"@type\":\"ListItem\",\"position\":2,\"name\":\"La Domotique\u00a0: R\u00e9volutionner Votre Quotidien avec des Espaces Intelligents et Connect\u00e9s.\"}]},{\"@type\":\"WebSite\",\"@id\":\"https:\\\/\\\/mam.nc\\\/#website\",\"url\":\"https:\\\/\\\/mam.nc\\\/\",\"name\":\"MAM\",\"description\":\"Votre assistance connect\u00e9e pour gagner en s\u00e9r\u00e9nit\u00e9\",\"publisher\":{\"@id\":\"https:\\\/\\\/mam.nc\\\/#organization\"},\"potentialAction\":[{\"@type\":\"SearchAction\",\"target\":{\"@type\":\"EntryPoint\",\"urlTemplate\":\"https:\\\/\\\/mam.nc\\\/?s={search_term_string}\"},\"query-input\":{\"@type\":\"PropertyValueSpecification\",\"valueRequired\":true,\"valueName\":\"search_term_string\"}}],\"inLanguage\":\"en-GB\"},{\"@type\":\"Organization\",\"@id\":\"https:\\\/\\\/mam.nc\\\/#organization\",\"name\":\"MAM\",\"url\":\"https:\\\/\\\/mam.nc\\\/\",\"logo\":{\"@type\":\"ImageObject\",\"inLanguage\":\"en-GB\",\"@id\":\"https:\\\/\\\/mam.nc\\\/#\\\/schema\\\/logo\\\/image\\\/\",\"url\":\"https:\\\/\\\/mam.nc\\\/wp-content\\\/uploads\\\/2024\\\/09\\\/LOGO_MAM_V2-01-1.webp\",\"contentUrl\":\"https:\\\/\\\/mam.nc\\\/wp-content\\\/uploads\\\/2024\\\/09\\\/LOGO_MAM_V2-01-1.webp\",\"width\":442,\"height\":292,\"caption\":\"MAM\"},\"image\":{\"@id\":\"https:\\\/\\\/mam.nc\\\/#\\\/schema\\\/logo\\\/image\\\/\"},\"sameAs\":[\"https:\\\/\\\/www.facebook.com\\\/MamAssistanceConnectee\\\/\",\"https:\\\/\\\/www.linkedin.com\\\/company\\\/mam-l-assistance-connectee\\\/\"]},{\"@type\":\"Person\",\"@id\":\"https:\\\/\\\/mam.nc\\\/#\\\/schema\\\/person\\\/0179a388c05d85bbfe77a23df97a2179\",\"name\":\"Sarah BRECARD\",\"image\":{\"@type\":\"ImageObject\",\"inLanguage\":\"en-GB\",\"@id\":\"https:\\\/\\\/mam.nc\\\/wp-content\\\/litespeed\\\/avatar\\\/c8b28784cca744fd078670d9126d6f4a.jpg?ver=1776971598\",\"url\":\"https:\\\/\\\/mam.nc\\\/wp-content\\\/litespeed\\\/avatar\\\/c8b28784cca744fd078670d9126d6f4a.jpg?ver=1776971598\",\"contentUrl\":\"https:\\\/\\\/mam.nc\\\/wp-content\\\/litespeed\\\/avatar\\\/c8b28784cca744fd078670d9126d6f4a.jpg?ver=1776971598\",\"caption\":\"Sarah BRECARD\"}}]}<\/script>\n<!-- \/ Yoast SEO plugin. -->","yoast_head_json":{"title":"La Domotique\u00a0: R\u00e9volutionner Votre Quotidien avec des Espaces Intelligents et Connect\u00e9s. - MAM","description":"Dans un monde o\u00f9 la technologie \u00e9volue \u00e0 une vitesse fulgurante, la domotique se positionne comme une r\u00e9volution incontournable.","robots":{"index":"index","follow":"follow","max-snippet":"max-snippet:-1","max-image-preview":"max-image-preview:large","max-video-preview":"max-video-preview:-1"},"canonical":"https:\/\/mam.nc\/en\/la-domotique-revolutionner-votre-quotidien-avec-des-espaces-intelligents-et-connectes\/","og_locale":"en_GB","og_type":"article","og_title":"La Domotique\u00a0: R\u00e9volutionner Votre Quotidien avec des Espaces Intelligents et Connect\u00e9s. - MAM","og_description":"Dans un monde o\u00f9 la technologie \u00e9volue \u00e0 une vitesse fulgurante, la domotique se positionne comme une r\u00e9volution incontournable.","og_url":"https:\/\/mam.nc\/en\/la-domotique-revolutionner-votre-quotidien-avec-des-espaces-intelligents-et-connectes\/","og_site_name":"MAM","article_publisher":"https:\/\/www.facebook.com\/MamAssistanceConnectee\/","article_published_time":"2025-03-20T21:00:00+00:00","og_image":[{"width":1920,"height":960,"url":"https:\/\/mam.nc\/wp-content\/uploads\/2025\/03\/Visuel-article-MAM-Home-Connect.jpg","type":"image\/jpeg"}],"author":"Sarah BRECARD","twitter_card":"summary_large_image","twitter_misc":{"Written by":"Sarah BRECARD","Estimated reading time":"3 minutes"},"schema":{"@context":"https:\/\/schema.org","@graph":[{"@type":"Article","@id":"https:\/\/mam.nc\/la-domotique-revolutionner-votre-quotidien-avec-des-espaces-intelligents-et-connectes\/#article","isPartOf":{"@id":"https:\/\/mam.nc\/la-domotique-revolutionner-votre-quotidien-avec-des-espaces-intelligents-et-connectes\/"},"author":{"name":"Sarah BRECARD","@id":"https:\/\/mam.nc\/#\/schema\/person\/0179a388c05d85bbfe77a23df97a2179"},"headline":"La Domotique\u00a0: R\u00e9volutionner Votre Quotidien avec des Espaces Intelligents et Connect\u00e9s.","datePublished":"2025-03-20T21:00:00+00:00","mainEntityOfPage":{"@id":"https:\/\/mam.nc\/la-domotique-revolutionner-votre-quotidien-avec-des-espaces-intelligents-et-connectes\/"},"wordCount":626,"publisher":{"@id":"https:\/\/mam.nc\/#organization"},"image":{"@id":"https:\/\/mam.nc\/la-domotique-revolutionner-votre-quotidien-avec-des-espaces-intelligents-et-connectes\/#primaryimage"},"thumbnailUrl":"https:\/\/mam.nc\/wp-content\/uploads\/2025\/03\/Visuel-article-MAM-Home-Connect.jpg","keywords":["domotique","espace de travail","innovation","maison connect\u00e9e","maison intelligente","MAM","MAM Pro Connect","MAM You Connect"],"articleSection":["Actualit\u00e9","MAM Pro Connect","MAM You Connect"],"inLanguage":"en-GB"},{"@type":"WebPage","@id":"https:\/\/mam.nc\/la-domotique-revolutionner-votre-quotidien-avec-des-espaces-intelligents-et-connectes\/","url":"https:\/\/mam.nc\/la-domotique-revolutionner-votre-quotidien-avec-des-espaces-intelligents-et-connectes\/","name":"La Domotique\u00a0: R\u00e9volutionner Votre Quotidien avec des Espaces Intelligents et Connect\u00e9s. - MAM","isPartOf":{"@id":"https:\/\/mam.nc\/#website"},"primaryImageOfPage":{"@id":"https:\/\/mam.nc\/la-domotique-revolutionner-votre-quotidien-avec-des-espaces-intelligents-et-connectes\/#primaryimage"},"image":{"@id":"https:\/\/mam.nc\/la-domotique-revolutionner-votre-quotidien-avec-des-espaces-intelligents-et-connectes\/#primaryimage"},"thumbnailUrl":"https:\/\/mam.nc\/wp-content\/uploads\/2025\/03\/Visuel-article-MAM-Home-Connect.jpg","datePublished":"2025-03-20T21:00:00+00:00","description":"Dans un monde o\u00f9 la technologie \u00e9volue \u00e0 une vitesse fulgurante, la domotique se positionne comme une r\u00e9volution incontournable.","breadcrumb":{"@id":"https:\/\/mam.nc\/la-domotique-revolutionner-votre-quotidien-avec-des-espaces-intelligents-et-connectes\/#breadcrumb"},"inLanguage":"en-GB","potentialAction":[{"@type":"ReadAction","target":["https:\/\/mam.nc\/la-domotique-revolutionner-votre-quotidien-avec-des-espaces-intelligents-et-connectes\/"]}]},{"@type":"ImageObject","inLanguage":"en-GB","@id":"https:\/\/mam.nc\/la-domotique-revolutionner-votre-quotidien-avec-des-espaces-intelligents-et-connectes\/#primaryimage","url":"https:\/\/mam.nc\/wp-content\/uploads\/2025\/03\/Visuel-article-MAM-Home-Connect.jpg","contentUrl":"https:\/\/mam.nc\/wp-content\/uploads\/2025\/03\/Visuel-article-MAM-Home-Connect.jpg","width":1920,"height":960},{"@type":"BreadcrumbList","@id":"https:\/\/mam.nc\/la-domotique-revolutionner-votre-quotidien-avec-des-espaces-intelligents-et-connectes\/#breadcrumb","itemListElement":[{"@type":"ListItem","position":1,"name":"Accueil","item":"https:\/\/mam.nc\/"},{"@type":"ListItem","position":2,"name":"La Domotique\u00a0: R\u00e9volutionner Votre Quotidien avec des Espaces Intelligents et Connect\u00e9s."}]},{"@type":"WebSite","@id":"https:\/\/mam.nc\/#website","url":"https:\/\/mam.nc\/","name":"MAM","description":"Votre assistance connect\u00e9e pour gagner en s\u00e9r\u00e9nit\u00e9","publisher":{"@id":"https:\/\/mam.nc\/#organization"},"potentialAction":[{"@type":"SearchAction","target":{"@type":"EntryPoint","urlTemplate":"https:\/\/mam.nc\/?s={search_term_string}"},"query-input":{"@type":"PropertyValueSpecification","valueRequired":true,"valueName":"search_term_string"}}],"inLanguage":"en-GB"},{"@type":"Organization","@id":"https:\/\/mam.nc\/#organization","name":"MAM","url":"https:\/\/mam.nc\/","logo":{"@type":"ImageObject","inLanguage":"en-GB","@id":"https:\/\/mam.nc\/#\/schema\/logo\/image\/","url":"https:\/\/mam.nc\/wp-content\/uploads\/2024\/09\/LOGO_MAM_V2-01-1.webp","contentUrl":"https:\/\/mam.nc\/wp-content\/uploads\/2024\/09\/LOGO_MAM_V2-01-1.webp","width":442,"height":292,"caption":"MAM"},"image":{"@id":"https:\/\/mam.nc\/#\/schema\/logo\/image\/"},"sameAs":["https:\/\/www.facebook.com\/MamAssistanceConnectee\/","https:\/\/www.linkedin.com\/company\/mam-l-assistance-connectee\/"]},{"@type":"Person","@id":"https:\/\/mam.nc\/#\/schema\/person\/0179a388c05d85bbfe77a23df97a2179","name":"Sarah BRECARD","image":{"@type":"ImageObject","inLanguage":"en-GB","@id":"https:\/\/mam.nc\/wp-content\/litespeed\/avatar\/c8b28784cca744fd078670d9126d6f4a.jpg?ver=1776971598","url":"https:\/\/mam.nc\/wp-content\/litespeed\/avatar\/c8b28784cca744fd078670d9126d6f4a.jpg?ver=1776971598","contentUrl":"https:\/\/mam.nc\/wp-content\/litespeed\/avatar\/c8b28784cca744fd078670d9126d6f4a.jpg?ver=1776971598","caption":"Sarah BRECARD"}}]}},"_links":{"self":[{"href":"https:\/\/mam.nc\/en\/wp-json\/wp\/v2\/posts\/931","targetHints":{"allow":["GET"]}}],"collection":[{"href":"https:\/\/mam.nc\/en\/wp-json\/wp\/v2\/posts"}],"about":[{"href":"https:\/\/mam.nc\/en\/wp-json\/wp\/v2\/types\/post"}],"author":[{"embeddable":true,"href":"https:\/\/mam.nc\/en\/wp-json\/wp\/v2\/users\/2"}],"replies":[{"embeddable":true,"href":"https:\/\/mam.nc\/en\/wp-json\/wp\/v2\/comments?post=931"}],"version-history":[{"count":1,"href":"https:\/\/mam.nc\/en\/wp-json\/wp\/v2\/posts\/931\/revisions"}],"predecessor-version":[{"id":933,"href":"https:\/\/mam.nc\/en\/wp-json\/wp\/v2\/posts\/931\/revisions\/933"}],"wp:featuredmedia":[{"embeddable":true,"href":"https:\/\/mam.nc\/en\/wp-json\/wp\/v2\/media\/932"}],"wp:attachment":[{"href":"https:\/\/mam.nc\/en\/wp-json\/wp\/v2\/media?parent=931"}],"wp:term":[{"taxonomy":"category","embeddable":true,"href":"https:\/\/mam.nc\/en\/wp-json\/wp\/v2\/categories?post=931"},{"taxonomy":"post_tag","embeddable":true,"href":"https:\/\/mam.nc\/en\/wp-json\/wp\/v2\/tags?post=931"}],"curies":[{"name":"wp","href":"https:\/\/api.w.org\/{rel}","templated":true}]}}