{"id":940,"date":"2025-05-20T08:00:00","date_gmt":"2025-05-19T21:00:00","guid":{"rendered":"https:\/\/mam.nc\/?p=940"},"modified":"2025-05-19T10:26:28","modified_gmt":"2025-05-18T23:26:28","slug":"la-domotique-un-levier-strategique-pour-les-professionnels","status":"publish","type":"post","link":"https:\/\/mam.nc\/en\/la-domotique-un-levier-strategique-pour-les-professionnels\/","title":{"rendered":"La domotique : un levier strat\u00e9gique pour les professionnels"},"content":{"rendered":"<p><br>La domotique s\u2019installe dans vos entreprises ! De nos jours, nombreuses sont les soci\u00e9t\u00e9s qui int\u00e8grent des solutions connect\u00e9es pour optimiser la gestion de leurs locaux. Que ce soit pour un aspect <em>s\u00e9curitaire<\/em>, faire des <em>\u00e9conomies d\u2019\u00e9nergies<\/em> ou encore <em>optimiser l\u2019organisation<\/em> des espaces de travail : les b\u00e9n\u00e9fices sont multiples.\u00a0<\/p>\n\n\n\n<h2 class=\"wp-block-heading\">Sur le plan s\u00e9curitaire <\/h2>\n\n\n\n<p><br>Les syst\u00e8mes domotiques permettent une surveillance en temps r\u00e9el gr\u00e2ce \u00e0 des cam\u00e9ras, des capteurs de mouvement, des d\u00e9tecteurs de fum\u00e9es et des alarmes connect\u00e9es. Reli\u00e9s \u00e0 une application mobile, ils offrent un contr\u00f4le \u00e0 distance et une r\u00e9activit\u00e9 accrue en cas d\u2019incident, r\u00e9duisant ainsi les risques li\u00e9s aux intrusions ou aux sinistres.\u00a0<\/p>\n\n\n\n<h2 class=\"wp-block-heading\">Efficacit\u00e9 \u00e9nerg\u00e9tique <\/h2>\n\n\n\n<p><br>\u00c0 l\u2019aide de thermostats intelligents contr\u00f4lez la temp\u00e9rature de vos salles de r\u00e9unions, open-spaces ou encore de vos chambres froides. La gestion automatis\u00e9e de l\u2019\u00e9clairage ou le pilotage des appareils en fonction des heures d\u2019occupation permettent de diminuer les consommations inutiles. \u00c0 l\u2019heure o\u00f9 les enjeux environnementaux et \u00e9conomiques sont cruciaux, cette optimisation devient un investissement strat\u00e9gique.\u00a0<\/p>\n\n\n\n<h2 class=\"wp-block-heading\">Un espace de travail optimis\u00e9 <\/h2>\n\n\n\n<p>R\u00e9servez vos salles, contr\u00f4lez la luminosit\u00e9, la temp\u00e9rature, les stores\u2026 en un simple clic. Cr\u00e9ez des sc\u00e9narios pour vos r\u00e9unions, ou encore pour l\u2019ouverture et fermeture de votre boutique. Laissez la domotique am\u00e9liorer le confort de vos collaborateurs et la productivit\u00e9 globale de votre entreprise.&nbsp;<\/p>\n\n\n\n<p>Int\u00e9grer la domotique dans son environnement professionnel c\u2019est synonyme de performance, de s\u00e9curit\u00e9 et de responsabilit\u00e9 \u00e9nerg\u00e9tique. Alors, qu\u2019attendez-vous ?&nbsp;<\/p>","protected":false},"excerpt":{"rendered":"<p>La domotique s\u2019installe dans vos entreprises ! De nos jours, nombreuses sont les soci\u00e9t\u00e9s qui int\u00e8grent des solutions connect\u00e9es pour optimiser la gestion de leurs locaux. Que ce soit pour un aspect s\u00e9curitaire, faire des \u00e9conomies d\u2019\u00e9nergies ou encore optimiser l\u2019organisation des espaces de travail : les b\u00e9n\u00e9fices sont multiples.\u00a0 Sur le plan s\u00e9curitaire Les [&hellip;]<\/p>\n","protected":false},"author":2,"featured_media":941,"comment_status":"closed","ping_status":"closed","sticky":false,"template":"","format":"standard","meta":{"_et_pb_use_builder":"","_et_pb_old_content":"","_et_gb_content_width":"","footnotes":""},"categories":[11,15],"tags":[],"class_list":["post-940","post","type-post","status-publish","format-standard","has-post-thumbnail","hentry","category-actualite","category-mam-pro-connect","et-has-post-format-content","et_post_format-et-post-format-standard"],"yoast_head":"<!-- This site is optimized with the Yoast SEO plugin v27.5 - https:\/\/yoast.com\/product\/yoast-seo-wordpress\/ -->\n<title>La domotique : un levier strat\u00e9gique pour les professionnels - MAM<\/title>\n<meta name=\"description\" content=\"D\u00e9couvrez comment la domotique am\u00e9liore la s\u00e9curit\u00e9, l&#039;efficacit\u00e9 \u00e9nerg\u00e9tique et l&#039;optimisation de vos espaces en entreprise.\" \/>\n<meta name=\"robots\" content=\"index, follow, max-snippet:-1, max-image-preview:large, max-video-preview:-1\" \/>\n<link rel=\"canonical\" href=\"https:\/\/mam.nc\/en\/la-domotique-un-levier-strategique-pour-les-professionnels\/\" \/>\n<meta property=\"og:locale\" content=\"en_GB\" \/>\n<meta property=\"og:type\" content=\"article\" \/>\n<meta property=\"og:title\" content=\"La domotique : un levier strat\u00e9gique pour les professionnels - MAM\" \/>\n<meta property=\"og:description\" content=\"D\u00e9couvrez comment la domotique am\u00e9liore la s\u00e9curit\u00e9, l&#039;efficacit\u00e9 \u00e9nerg\u00e9tique et l&#039;optimisation de vos espaces en entreprise.\" \/>\n<meta property=\"og:url\" content=\"https:\/\/mam.nc\/en\/la-domotique-un-levier-strategique-pour-les-professionnels\/\" \/>\n<meta property=\"og:site_name\" content=\"MAM\" \/>\n<meta property=\"article:publisher\" content=\"https:\/\/www.facebook.com\/MamAssistanceConnectee\/\" \/>\n<meta property=\"article:published_time\" content=\"2025-05-19T21:00:00+00:00\" \/>\n<meta property=\"og:image\" content=\"https:\/\/mam.nc\/wp-content\/uploads\/2025\/05\/Visuel-Article-MAM-Home-Connect-B2B.png\" \/>\n\t<meta property=\"og:image:width\" content=\"1920\" \/>\n\t<meta property=\"og:image:height\" content=\"960\" \/>\n\t<meta property=\"og:image:type\" content=\"image\/png\" \/>\n<meta name=\"author\" content=\"Sarah BRECARD\" \/>\n<meta name=\"twitter:card\" content=\"summary_large_image\" \/>\n<meta name=\"twitter:label1\" content=\"Written by\" \/>\n\t<meta name=\"twitter:data1\" content=\"Sarah BRECARD\" \/>\n\t<meta name=\"twitter:label2\" content=\"Estimated reading time\" \/>\n\t<meta name=\"twitter:data2\" content=\"2 minutes\" \/>\n<script type=\"application\/ld+json\" class=\"yoast-schema-graph\">{\"@context\":\"https:\\\/\\\/schema.org\",\"@graph\":[{\"@type\":\"Article\",\"@id\":\"https:\\\/\\\/mam.nc\\\/la-domotique-un-levier-strategique-pour-les-professionnels\\\/#article\",\"isPartOf\":{\"@id\":\"https:\\\/\\\/mam.nc\\\/la-domotique-un-levier-strategique-pour-les-professionnels\\\/\"},\"author\":{\"name\":\"Sarah BRECARD\",\"@id\":\"https:\\\/\\\/mam.nc\\\/#\\\/schema\\\/person\\\/0179a388c05d85bbfe77a23df97a2179\"},\"headline\":\"La domotique : un levier strat\u00e9gique pour les professionnels\",\"datePublished\":\"2025-05-19T21:00:00+00:00\",\"mainEntityOfPage\":{\"@id\":\"https:\\\/\\\/mam.nc\\\/la-domotique-un-levier-strategique-pour-les-professionnels\\\/\"},\"wordCount\":286,\"publisher\":{\"@id\":\"https:\\\/\\\/mam.nc\\\/#organization\"},\"image\":{\"@id\":\"https:\\\/\\\/mam.nc\\\/la-domotique-un-levier-strategique-pour-les-professionnels\\\/#primaryimage\"},\"thumbnailUrl\":\"https:\\\/\\\/mam.nc\\\/wp-content\\\/uploads\\\/2025\\\/05\\\/Visuel-Article-MAM-Home-Connect-B2B.png\",\"articleSection\":[\"Actualit\u00e9\",\"MAM Pro Connect\"],\"inLanguage\":\"en-GB\"},{\"@type\":\"WebPage\",\"@id\":\"https:\\\/\\\/mam.nc\\\/la-domotique-un-levier-strategique-pour-les-professionnels\\\/\",\"url\":\"https:\\\/\\\/mam.nc\\\/la-domotique-un-levier-strategique-pour-les-professionnels\\\/\",\"name\":\"La domotique : un levier strat\u00e9gique pour les professionnels - MAM\",\"isPartOf\":{\"@id\":\"https:\\\/\\\/mam.nc\\\/#website\"},\"primaryImageOfPage\":{\"@id\":\"https:\\\/\\\/mam.nc\\\/la-domotique-un-levier-strategique-pour-les-professionnels\\\/#primaryimage\"},\"image\":{\"@id\":\"https:\\\/\\\/mam.nc\\\/la-domotique-un-levier-strategique-pour-les-professionnels\\\/#primaryimage\"},\"thumbnailUrl\":\"https:\\\/\\\/mam.nc\\\/wp-content\\\/uploads\\\/2025\\\/05\\\/Visuel-Article-MAM-Home-Connect-B2B.png\",\"datePublished\":\"2025-05-19T21:00:00+00:00\",\"description\":\"D\u00e9couvrez comment la domotique am\u00e9liore la s\u00e9curit\u00e9, l'efficacit\u00e9 \u00e9nerg\u00e9tique et l'optimisation de vos espaces en entreprise.\",\"breadcrumb\":{\"@id\":\"https:\\\/\\\/mam.nc\\\/la-domotique-un-levier-strategique-pour-les-professionnels\\\/#breadcrumb\"},\"inLanguage\":\"en-GB\",\"potentialAction\":[{\"@type\":\"ReadAction\",\"target\":[\"https:\\\/\\\/mam.nc\\\/la-domotique-un-levier-strategique-pour-les-professionnels\\\/\"]}]},{\"@type\":\"ImageObject\",\"inLanguage\":\"en-GB\",\"@id\":\"https:\\\/\\\/mam.nc\\\/la-domotique-un-levier-strategique-pour-les-professionnels\\\/#primaryimage\",\"url\":\"https:\\\/\\\/mam.nc\\\/wp-content\\\/uploads\\\/2025\\\/05\\\/Visuel-Article-MAM-Home-Connect-B2B.png\",\"contentUrl\":\"https:\\\/\\\/mam.nc\\\/wp-content\\\/uploads\\\/2025\\\/05\\\/Visuel-Article-MAM-Home-Connect-B2B.png\",\"width\":1920,\"height\":960},{\"@type\":\"BreadcrumbList\",\"@id\":\"https:\\\/\\\/mam.nc\\\/la-domotique-un-levier-strategique-pour-les-professionnels\\\/#breadcrumb\",\"itemListElement\":[{\"@type\":\"ListItem\",\"position\":1,\"name\":\"Accueil\",\"item\":\"https:\\\/\\\/mam.nc\\\/\"},{\"@type\":\"ListItem\",\"position\":2,\"name\":\"La domotique : un levier strat\u00e9gique pour les professionnels\"}]},{\"@type\":\"WebSite\",\"@id\":\"https:\\\/\\\/mam.nc\\\/#website\",\"url\":\"https:\\\/\\\/mam.nc\\\/\",\"name\":\"MAM\",\"description\":\"Votre assistance connect\u00e9e pour gagner en s\u00e9r\u00e9nit\u00e9\",\"publisher\":{\"@id\":\"https:\\\/\\\/mam.nc\\\/#organization\"},\"potentialAction\":[{\"@type\":\"SearchAction\",\"target\":{\"@type\":\"EntryPoint\",\"urlTemplate\":\"https:\\\/\\\/mam.nc\\\/?s={search_term_string}\"},\"query-input\":{\"@type\":\"PropertyValueSpecification\",\"valueRequired\":true,\"valueName\":\"search_term_string\"}}],\"inLanguage\":\"en-GB\"},{\"@type\":\"Organization\",\"@id\":\"https:\\\/\\\/mam.nc\\\/#organization\",\"name\":\"MAM\",\"url\":\"https:\\\/\\\/mam.nc\\\/\",\"logo\":{\"@type\":\"ImageObject\",\"inLanguage\":\"en-GB\",\"@id\":\"https:\\\/\\\/mam.nc\\\/#\\\/schema\\\/logo\\\/image\\\/\",\"url\":\"https:\\\/\\\/mam.nc\\\/wp-content\\\/uploads\\\/2024\\\/09\\\/LOGO_MAM_V2-01-1.webp\",\"contentUrl\":\"https:\\\/\\\/mam.nc\\\/wp-content\\\/uploads\\\/2024\\\/09\\\/LOGO_MAM_V2-01-1.webp\",\"width\":442,\"height\":292,\"caption\":\"MAM\"},\"image\":{\"@id\":\"https:\\\/\\\/mam.nc\\\/#\\\/schema\\\/logo\\\/image\\\/\"},\"sameAs\":[\"https:\\\/\\\/www.facebook.com\\\/MamAssistanceConnectee\\\/\",\"https:\\\/\\\/www.linkedin.com\\\/company\\\/mam-l-assistance-connectee\\\/\"]},{\"@type\":\"Person\",\"@id\":\"https:\\\/\\\/mam.nc\\\/#\\\/schema\\\/person\\\/0179a388c05d85bbfe77a23df97a2179\",\"name\":\"Sarah BRECARD\",\"image\":{\"@type\":\"ImageObject\",\"inLanguage\":\"en-GB\",\"@id\":\"https:\\\/\\\/mam.nc\\\/wp-content\\\/litespeed\\\/avatar\\\/c8b28784cca744fd078670d9126d6f4a.jpg?ver=1776971598\",\"url\":\"https:\\\/\\\/mam.nc\\\/wp-content\\\/litespeed\\\/avatar\\\/c8b28784cca744fd078670d9126d6f4a.jpg?ver=1776971598\",\"contentUrl\":\"https:\\\/\\\/mam.nc\\\/wp-content\\\/litespeed\\\/avatar\\\/c8b28784cca744fd078670d9126d6f4a.jpg?ver=1776971598\",\"caption\":\"Sarah BRECARD\"}}]}<\/script>\n<!-- \/ Yoast SEO plugin. -->","yoast_head_json":{"title":"La domotique : un levier strat\u00e9gique pour les professionnels - MAM","description":"D\u00e9couvrez comment la domotique am\u00e9liore la s\u00e9curit\u00e9, l'efficacit\u00e9 \u00e9nerg\u00e9tique et l'optimisation de vos espaces en entreprise.","robots":{"index":"index","follow":"follow","max-snippet":"max-snippet:-1","max-image-preview":"max-image-preview:large","max-video-preview":"max-video-preview:-1"},"canonical":"https:\/\/mam.nc\/en\/la-domotique-un-levier-strategique-pour-les-professionnels\/","og_locale":"en_GB","og_type":"article","og_title":"La domotique : un levier strat\u00e9gique pour les professionnels - MAM","og_description":"D\u00e9couvrez comment la domotique am\u00e9liore la s\u00e9curit\u00e9, l'efficacit\u00e9 \u00e9nerg\u00e9tique et l'optimisation de vos espaces en entreprise.","og_url":"https:\/\/mam.nc\/en\/la-domotique-un-levier-strategique-pour-les-professionnels\/","og_site_name":"MAM","article_publisher":"https:\/\/www.facebook.com\/MamAssistanceConnectee\/","article_published_time":"2025-05-19T21:00:00+00:00","og_image":[{"width":1920,"height":960,"url":"https:\/\/mam.nc\/wp-content\/uploads\/2025\/05\/Visuel-Article-MAM-Home-Connect-B2B.png","type":"image\/png"}],"author":"Sarah BRECARD","twitter_card":"summary_large_image","twitter_misc":{"Written by":"Sarah BRECARD","Estimated reading time":"2 minutes"},"schema":{"@context":"https:\/\/schema.org","@graph":[{"@type":"Article","@id":"https:\/\/mam.nc\/la-domotique-un-levier-strategique-pour-les-professionnels\/#article","isPartOf":{"@id":"https:\/\/mam.nc\/la-domotique-un-levier-strategique-pour-les-professionnels\/"},"author":{"name":"Sarah BRECARD","@id":"https:\/\/mam.nc\/#\/schema\/person\/0179a388c05d85bbfe77a23df97a2179"},"headline":"La domotique : un levier strat\u00e9gique pour les professionnels","datePublished":"2025-05-19T21:00:00+00:00","mainEntityOfPage":{"@id":"https:\/\/mam.nc\/la-domotique-un-levier-strategique-pour-les-professionnels\/"},"wordCount":286,"publisher":{"@id":"https:\/\/mam.nc\/#organization"},"image":{"@id":"https:\/\/mam.nc\/la-domotique-un-levier-strategique-pour-les-professionnels\/#primaryimage"},"thumbnailUrl":"https:\/\/mam.nc\/wp-content\/uploads\/2025\/05\/Visuel-Article-MAM-Home-Connect-B2B.png","articleSection":["Actualit\u00e9","MAM Pro Connect"],"inLanguage":"en-GB"},{"@type":"WebPage","@id":"https:\/\/mam.nc\/la-domotique-un-levier-strategique-pour-les-professionnels\/","url":"https:\/\/mam.nc\/la-domotique-un-levier-strategique-pour-les-professionnels\/","name":"La domotique : un levier strat\u00e9gique pour les professionnels - MAM","isPartOf":{"@id":"https:\/\/mam.nc\/#website"},"primaryImageOfPage":{"@id":"https:\/\/mam.nc\/la-domotique-un-levier-strategique-pour-les-professionnels\/#primaryimage"},"image":{"@id":"https:\/\/mam.nc\/la-domotique-un-levier-strategique-pour-les-professionnels\/#primaryimage"},"thumbnailUrl":"https:\/\/mam.nc\/wp-content\/uploads\/2025\/05\/Visuel-Article-MAM-Home-Connect-B2B.png","datePublished":"2025-05-19T21:00:00+00:00","description":"D\u00e9couvrez comment la domotique am\u00e9liore la s\u00e9curit\u00e9, l'efficacit\u00e9 \u00e9nerg\u00e9tique et l'optimisation de vos espaces en entreprise.","breadcrumb":{"@id":"https:\/\/mam.nc\/la-domotique-un-levier-strategique-pour-les-professionnels\/#breadcrumb"},"inLanguage":"en-GB","potentialAction":[{"@type":"ReadAction","target":["https:\/\/mam.nc\/la-domotique-un-levier-strategique-pour-les-professionnels\/"]}]},{"@type":"ImageObject","inLanguage":"en-GB","@id":"https:\/\/mam.nc\/la-domotique-un-levier-strategique-pour-les-professionnels\/#primaryimage","url":"https:\/\/mam.nc\/wp-content\/uploads\/2025\/05\/Visuel-Article-MAM-Home-Connect-B2B.png","contentUrl":"https:\/\/mam.nc\/wp-content\/uploads\/2025\/05\/Visuel-Article-MAM-Home-Connect-B2B.png","width":1920,"height":960},{"@type":"BreadcrumbList","@id":"https:\/\/mam.nc\/la-domotique-un-levier-strategique-pour-les-professionnels\/#breadcrumb","itemListElement":[{"@type":"ListItem","position":1,"name":"Accueil","item":"https:\/\/mam.nc\/"},{"@type":"ListItem","position":2,"name":"La domotique : un levier strat\u00e9gique pour les professionnels"}]},{"@type":"WebSite","@id":"https:\/\/mam.nc\/#website","url":"https:\/\/mam.nc\/","name":"MAM","description":"Votre assistance connect\u00e9e pour gagner en s\u00e9r\u00e9nit\u00e9","publisher":{"@id":"https:\/\/mam.nc\/#organization"},"potentialAction":[{"@type":"SearchAction","target":{"@type":"EntryPoint","urlTemplate":"https:\/\/mam.nc\/?s={search_term_string}"},"query-input":{"@type":"PropertyValueSpecification","valueRequired":true,"valueName":"search_term_string"}}],"inLanguage":"en-GB"},{"@type":"Organization","@id":"https:\/\/mam.nc\/#organization","name":"MAM","url":"https:\/\/mam.nc\/","logo":{"@type":"ImageObject","inLanguage":"en-GB","@id":"https:\/\/mam.nc\/#\/schema\/logo\/image\/","url":"https:\/\/mam.nc\/wp-content\/uploads\/2024\/09\/LOGO_MAM_V2-01-1.webp","contentUrl":"https:\/\/mam.nc\/wp-content\/uploads\/2024\/09\/LOGO_MAM_V2-01-1.webp","width":442,"height":292,"caption":"MAM"},"image":{"@id":"https:\/\/mam.nc\/#\/schema\/logo\/image\/"},"sameAs":["https:\/\/www.facebook.com\/MamAssistanceConnectee\/","https:\/\/www.linkedin.com\/company\/mam-l-assistance-connectee\/"]},{"@type":"Person","@id":"https:\/\/mam.nc\/#\/schema\/person\/0179a388c05d85bbfe77a23df97a2179","name":"Sarah BRECARD","image":{"@type":"ImageObject","inLanguage":"en-GB","@id":"https:\/\/mam.nc\/wp-content\/litespeed\/avatar\/c8b28784cca744fd078670d9126d6f4a.jpg?ver=1776971598","url":"https:\/\/mam.nc\/wp-content\/litespeed\/avatar\/c8b28784cca744fd078670d9126d6f4a.jpg?ver=1776971598","contentUrl":"https:\/\/mam.nc\/wp-content\/litespeed\/avatar\/c8b28784cca744fd078670d9126d6f4a.jpg?ver=1776971598","caption":"Sarah BRECARD"}}]}},"_links":{"self":[{"href":"https:\/\/mam.nc\/en\/wp-json\/wp\/v2\/posts\/940","targetHints":{"allow":["GET"]}}],"collection":[{"href":"https:\/\/mam.nc\/en\/wp-json\/wp\/v2\/posts"}],"about":[{"href":"https:\/\/mam.nc\/en\/wp-json\/wp\/v2\/types\/post"}],"author":[{"embeddable":true,"href":"https:\/\/mam.nc\/en\/wp-json\/wp\/v2\/users\/2"}],"replies":[{"embeddable":true,"href":"https:\/\/mam.nc\/en\/wp-json\/wp\/v2\/comments?post=940"}],"version-history":[{"count":1,"href":"https:\/\/mam.nc\/en\/wp-json\/wp\/v2\/posts\/940\/revisions"}],"predecessor-version":[{"id":942,"href":"https:\/\/mam.nc\/en\/wp-json\/wp\/v2\/posts\/940\/revisions\/942"}],"wp:featuredmedia":[{"embeddable":true,"href":"https:\/\/mam.nc\/en\/wp-json\/wp\/v2\/media\/941"}],"wp:attachment":[{"href":"https:\/\/mam.nc\/en\/wp-json\/wp\/v2\/media?parent=940"}],"wp:term":[{"taxonomy":"category","embeddable":true,"href":"https:\/\/mam.nc\/en\/wp-json\/wp\/v2\/categories?post=940"},{"taxonomy":"post_tag","embeddable":true,"href":"https:\/\/mam.nc\/en\/wp-json\/wp\/v2\/tags?post=940"}],"curies":[{"name":"wp","href":"https:\/\/api.w.org\/{rel}","templated":true}]}}